{"id":1418,"date":"2018-05-29T13:45:04","date_gmt":"2018-05-29T11:45:04","guid":{"rendered":"http:\/\/judo-ooelv.at\/?p=1418"},"modified":"2018-05-29T13:45:04","modified_gmt":"2018-05-29T11:45:04","slug":"askoe-landesmeisterschaften-judo-2018","status":"publish","type":"post","link":"https:\/\/judo-ooelv.at\/?p=1418","title":{"rendered":"ASK\u00d6 Landesmeisterschaften Judo 2018"},"content":{"rendered":"<p>Am 27.05.2018 fanden die ASK\u00d6-Landesmeisterschaften 2018 statt.<\/p>\n<p>ASK\u00d6 Urfahr lud in die Jahnschule in Linz\/Urfahr ein und 110 Teilnehmer aus 13 Vereinen kamen bei strahlendem Sonnenschein.<\/p>\n<p>Auch der neue ASK\u00d6 Pr\u00e4sident Erich Haider kam zu dieser Veranstaltung und begr\u00fc\u00dfte die Teilnehmer im Namen der ASK\u00d6-Ober\u00f6sterreich.<\/p>\n<p>Herzliche Dank gilt der Organisation des ASK\u00d6-Urfahr unter der Leitung von Rudi Eckersberger f\u00fcr die tolle Durchf\u00fchrung der Veranstaltung<\/p>\n<p><a href=\"http:\/\/judo-ooelv.at\/wp-content\/uploads\/2018\/05\/Ergebnisse-ASK\u00d6-LM_2018.pdf\">Ergebnisse<\/a><\/p>\n<p>Bild &amp; Text von Wolf Sejk<\/p>\n<p>&nbsp;<\/p>\n","protected":false},"excerpt":{"rendered":"<p>Am 27.05.2018 fanden die ASK\u00d6-Landesmeisterschaften 2018 statt. ASK\u00d6 Urfahr lud in die Jahnschule in Linz\/Urfahr&#8230;<\/p>\n","protected":false},"author":4,"featured_media":1419,"comment_status":"closed","ping_status":"closed","sticky":false,"template":"","format":"standard","meta":{"_cbd_carousel_blocks":"[]","jetpack_publicize_message":"","jetpack_is_tweetstorm":false,"jetpack_publicize_feature_enabled":true,"jetpack_social_post_already_shared":false,"jetpack_social_options":{"image_generator_settings":{"template":"highway","enabled":false}}},"categories":[1],"tags":[],"jetpack_publicize_connections":[],"jetpack_featured_media_url":"https:\/\/judo-ooelv.at\/wp-content\/uploads\/2018\/05\/1.jpg","_links":{"self":[{"href":"https:\/\/judo-ooelv.at\/index.php?rest_route=\/wp\/v2\/posts\/1418"}],"collection":[{"href":"https:\/\/judo-ooelv.at\/index.php?rest_route=\/wp\/v2\/posts"}],"about":[{"href":"https:\/\/judo-ooelv.at\/index.php?rest_route=\/wp\/v2\/types\/post"}],"author":[{"embeddable":true,"href":"https:\/\/judo-ooelv.at\/index.php?rest_route=\/wp\/v2\/users\/4"}],"replies":[{"embeddable":true,"href":"https:\/\/judo-ooelv.at\/index.php?rest_route=%2Fwp%2Fv2%2Fcomments&post=1418"}],"version-history":[{"count":1,"href":"https:\/\/judo-ooelv.at\/index.php?rest_route=\/wp\/v2\/posts\/1418\/revisions"}],"predecessor-version":[{"id":1421,"href":"https:\/\/judo-ooelv.at\/index.php?rest_route=\/wp\/v2\/posts\/1418\/revisions\/1421"}],"wp:featuredmedia":[{"embeddable":true,"href":"https:\/\/judo-ooelv.at\/index.php?rest_route=\/wp\/v2\/media\/1419"}],"wp:attachment":[{"href":"https:\/\/judo-ooelv.at\/index.php?rest_route=%2Fwp%2Fv2%2Fmedia&parent=1418"}],"wp:term":[{"taxonomy":"category","embeddable":true,"href":"https:\/\/judo-ooelv.at\/index.php?rest_route=%2Fwp%2Fv2%2Fcategories&post=1418"},{"taxonomy":"post_tag","embeddable":true,"href":"https:\/\/judo-ooelv.at\/index.php?rest_route=%2Fwp%2Fv2%2Ftags&post=1418"}],"curies":[{"name":"wp","href":"https:\/\/api.w.org\/{rel}","templated":true}]}}