{"id":1456,"date":"2018-06-29T07:07:11","date_gmt":"2018-06-29T05:07:11","guid":{"rendered":"http:\/\/judo-ooelv.at\/?p=1456"},"modified":"2018-06-29T07:07:21","modified_gmt":"2018-06-29T05:07:21","slug":"u18-em-bronze-fuer-daniel-leutgeb","status":"publish","type":"post","link":"https:\/\/judo-ooelv.at\/?p=1456","title":{"rendered":"U18 \u2013 EM: BRONZE F\u00dcR DANIEL LEUTGEB"},"content":{"rendered":"<p style=\"text-align: center;\"><strong><span style=\"color: #000000; font-family: Times New Roman;\">Daniel Leutgeb hat am Donnerstag in Sarajevo bei der U18-EM Bronze in der Klasse bis 55 Kilogramm gewonnen. <\/span><\/strong><\/p>\n<p style=\"text-align: center;\"><span style=\"color: #000000; font-family: Times New Roman;\">Daniel Leutgeb feierte seinen Auftaktsieg gegen den T\u00fcrken Berat Bahadir nach weniger als einer Minute Kampfzeit mit Ippon, um gleich darauf Oleh Veredyba aus der Ukraine mit Waza-ari von der Matte zu schicken. Im Halbfinale unterlag Leutgeb dem Wei\u00dfrussen Artsiom Kolasau mit Waza-ari. Im kleinen Finale erf\u00fcllte sich der Medaillentraum mit einem Ippon-Sieg \u00fcber den Georgier Guram Gasitashvili. \u201eIm Semifinale hat Daniel eine Wertung hinnehmen m\u00fcssen und war dann eigentlich ebenb\u00fcrtig. Gegen den Georgier hat er eine sehr starke Leistung gezeigt. <\/span><\/p>\n<p><img decoding=\"async\" loading=\"lazy\" class=\"alignnone size-medium wp-image-1458 aligncenter\" src=\"http:\/\/judo-ooelv.at\/wp-content\/uploads\/2018\/06\/Daniel-Leutgeb-300x201.jpg\" alt=\"\" width=\"300\" height=\"201\" srcset=\"https:\/\/judo-ooelv.at\/wp-content\/uploads\/2018\/06\/Daniel-Leutgeb-300x201.jpg 300w, https:\/\/judo-ooelv.at\/wp-content\/uploads\/2018\/06\/Daniel-Leutgeb-768x515.jpg 768w, https:\/\/judo-ooelv.at\/wp-content\/uploads\/2018\/06\/Daniel-Leutgeb-1024x686.jpg 1024w, https:\/\/judo-ooelv.at\/wp-content\/uploads\/2018\/06\/Daniel-Leutgeb.jpg 1080w\" sizes=\"(max-width: 300px) 100vw, 300px\" \/><\/p>\n<p style=\"text-align: center;\"><span style=\"color: #000000; font-family: Times New Roman;\">Das hat sich Daniel im Laufe des Jahres erarbeitet\u201c, konstatierte Hofer.<\/span><\/p>\n<p style=\"text-align: center;\"><span style=\"color: #000000; font-family: Times New Roman;\">Gl\u00fcckwunsch an Daniel und an das Trainerteam Ernst Hofer, Klaus Stollberg und Vater Hermann Leutgeb.<\/span><\/p>\n<p>&nbsp;<\/p>\n","protected":false},"excerpt":{"rendered":"<p>Daniel Leutgeb hat am Donnerstag in Sarajevo bei der U18-EM Bronze in der Klasse bis&#8230;<\/p>\n","protected":false},"author":8,"featured_media":1457,"comment_status":"closed","ping_status":"closed","sticky":false,"template":"","format":"standard","meta":{"_cbd_carousel_blocks":"[]","jetpack_publicize_message":"","jetpack_is_tweetstorm":false,"jetpack_publicize_feature_enabled":true,"jetpack_social_post_already_shared":false,"jetpack_social_options":{"image_generator_settings":{"template":"highway","enabled":false}}},"categories":[1],"tags":[],"jetpack_publicize_connections":[],"jetpack_featured_media_url":"https:\/\/judo-ooelv.at\/wp-content\/uploads\/2018\/06\/Daniel-Leitgeb.jpg","_links":{"self":[{"href":"https:\/\/judo-ooelv.at\/index.php?rest_route=\/wp\/v2\/posts\/1456"}],"collection":[{"href":"https:\/\/judo-ooelv.at\/index.php?rest_route=\/wp\/v2\/posts"}],"about":[{"href":"https:\/\/judo-ooelv.at\/index.php?rest_route=\/wp\/v2\/types\/post"}],"author":[{"embeddable":true,"href":"https:\/\/judo-ooelv.at\/index.php?rest_route=\/wp\/v2\/users\/8"}],"replies":[{"embeddable":true,"href":"https:\/\/judo-ooelv.at\/index.php?rest_route=%2Fwp%2Fv2%2Fcomments&post=1456"}],"version-history":[{"count":2,"href":"https:\/\/judo-ooelv.at\/index.php?rest_route=\/wp\/v2\/posts\/1456\/revisions"}],"predecessor-version":[{"id":1460,"href":"https:\/\/judo-ooelv.at\/index.php?rest_route=\/wp\/v2\/posts\/1456\/revisions\/1460"}],"wp:featuredmedia":[{"embeddable":true,"href":"https:\/\/judo-ooelv.at\/index.php?rest_route=\/wp\/v2\/media\/1457"}],"wp:attachment":[{"href":"https:\/\/judo-ooelv.at\/index.php?rest_route=%2Fwp%2Fv2%2Fmedia&parent=1456"}],"wp:term":[{"taxonomy":"category","embeddable":true,"href":"https:\/\/judo-ooelv.at\/index.php?rest_route=%2Fwp%2Fv2%2Fcategories&post=1456"},{"taxonomy":"post_tag","embeddable":true,"href":"https:\/\/judo-ooelv.at\/index.php?rest_route=%2Fwp%2Fv2%2Ftags&post=1456"}],"curies":[{"name":"wp","href":"https:\/\/api.w.org\/{rel}","templated":true}]}}