{"id":1466,"date":"2018-06-30T09:16:58","date_gmt":"2018-06-30T07:16:58","guid":{"rendered":"http:\/\/judo-ooelv.at\/?p=1466"},"modified":"2018-06-30T09:20:33","modified_gmt":"2018-06-30T07:20:33","slug":"u18-em-2-x-rang-5-durch-gassner-samuel-und-woess-rosalie","status":"publish","type":"post","link":"https:\/\/judo-ooelv.at\/?p=1466","title":{"rendered":"U18-EM: 5 Rang durch Gassner Samuel und W\u00f6ss Rosalie"},"content":{"rendered":"<p style=\"text-align: center;\"><b><span style=\"margin: 0px; padding: 0cm; border: 1pt windowtext; color: #444444; font-family: 'Helvetica','sans-serif'; font-size: 12pt;\">Auch am zweiten Tag hat es bei der U18-EM in Sarajevo f\u00fcr Ober\u00f6sterreich erneut Grund zur Freude gegeben. Rosalie W\u00f6ss und Samuel Gassner belegten jeweils Rang f\u00fcnf.\u00a0<\/span><\/b><\/p>\n<p style=\"text-align: center;\"><span style=\"margin: 0px; padding: 0cm; border: 1pt windowtext; color: #333333; font-family: 'Georgia','serif'; font-size: 12pt;\">In der Gewichtsklasse bis 57 Kilogramm kam es im Kampf um Bronze zum \u00d6JV-internen Duell zwischen Lisa Grabner und Rosalie W\u00f6ss. Die K\u00e4mpferin des JC Wimpassing Sparkasse setzte sich nach 54 Sekunden mit Ippon durch. \u00a0W\u00f6ss gewann ihren Auftaktkampf gegen Maria Gorceag aus Moldawien, verlor dann nach siebeneinhalb Minuten Kampfzeit im Golden Score gegen die Russin Iana Zhilkina. Mit Hoffnungsrunden-Siegen \u00fcber Maja Bjelica (BIH), Fantine Rauzier (FRA) und Brigitta Varga (HUN) schaffte sie es ins kleine Finale. Gegen die Ungarin zitterte sich W\u00f6ss in einem neunmin\u00fctigen Marathon-Kampf zum Sieg. \u00a0Das war eine super Leistung. Rosalie hat viel Kampfgeist gezeigt, sie ist sehr vielseitig und f\u00fcr ihre Gegnerinnen schwer durchschaubar\u201c, erkl\u00e4rte der Trainer.\u00a0<\/span><\/p>\n<p style=\"text-align: center;\"><img decoding=\"async\" loading=\"lazy\" class=\"alignnone size-full wp-image-1464\" src=\"http:\/\/judo-ooelv.at\/wp-content\/uploads\/2018\/06\/W\u00f6ss-Rosalie.jpg\" alt=\"\" width=\"800\" height=\"534\" srcset=\"https:\/\/judo-ooelv.at\/wp-content\/uploads\/2018\/06\/W\u00f6ss-Rosalie.jpg 800w, https:\/\/judo-ooelv.at\/wp-content\/uploads\/2018\/06\/W\u00f6ss-Rosalie-300x200.jpg 300w, https:\/\/judo-ooelv.at\/wp-content\/uploads\/2018\/06\/W\u00f6ss-Rosalie-768x513.jpg 768w\" sizes=\"(max-width: 800px) 100vw, 800px\" \/><\/p>\n<p style=\"text-align: center;\">W\u00f6ss Rosalie hier um Rang 3 verlor leider mit Ippon<\/p>\n<p style=\"text-align: center;\"><span style=\"margin: 0px; color: #444444; font-family: 'Helvetica','sans-serif'; font-size: 12pt;\"><strong>Samuel Gassner<\/strong> (-66 kg) feierte seine ersten beiden Siege am Freitag gegen Jaja Nurkovic (MNE) und Luigi Centracchio (ITA) jeweils mit Ippon. Nach einer vorzeitigen Niederlage gegen den Russen Abrek Naguchev k\u00e4mpfte sich Ga\u00dfner gegen den Rum\u00e4nen Paul Onofrei und Vugar Talibov (AZE) in den Bronzekampf, in dem er sich dem Georgier Luka Kapanadze geschlagen geben musste. Die Niederlage war besonders schmerzhaft: Gassner brach sich die Hand, wurde aber gleich optimal medizinisch behandelt. \u201eDie Versorgung hat perfekt funktioniert\u201c, erkl\u00e4rte Hofer.<\/span><\/p>\n<p style=\"text-align: center;\"><img decoding=\"async\" loading=\"lazy\" class=\"alignnone size-full wp-image-1463\" src=\"http:\/\/judo-ooelv.at\/wp-content\/uploads\/2018\/06\/Gassner-Samuel.jpg\" alt=\"\" width=\"800\" height=\"534\" srcset=\"https:\/\/judo-ooelv.at\/wp-content\/uploads\/2018\/06\/Gassner-Samuel.jpg 800w, https:\/\/judo-ooelv.at\/wp-content\/uploads\/2018\/06\/Gassner-Samuel-300x200.jpg 300w, https:\/\/judo-ooelv.at\/wp-content\/uploads\/2018\/06\/Gassner-Samuel-768x513.jpg 768w\" sizes=\"(max-width: 800px) 100vw, 800px\" \/><\/p>\n<p style=\"text-align: center;\">Gassner Samuel verlor um Rang 3 mit dieser ausgezeichneten Aushebetechnik<\/p>\n<p style=\"text-align: center;\"><span style=\"margin: 0px; color: #444444; font-family: 'Helvetica','sans-serif'; font-size: 12pt;\">\u00a0Jakob Wiesinger (-73 kg) besiegte zum Auftakt den Schweden Martin Soderberg vorzeitig, unterlag dann Ibragimgadzhi Suleimanov (RUS) und in der Hoffnungsrunde Hajibala Jabrayilov (AZE). \u201eJakob hat den ersten Kampf sehr sehenswert f\u00fcr sich entschieden und dann leider zweimal verloren\u201c, so Hofer.<\/span><\/p>\n<p style=\"text-align: center;\"><span style=\"margin: 0px; color: #444444; font-family: 'Helvetica','sans-serif'; font-size: 12pt;\">Zwei \u00f6sterreichische Medaillen bei einer U18-EM hatte es zuletzt 2015 in Sofia gegeben. <\/span><\/p>\n<p style=\"text-align: center;\"><span style=\"margin: 0px; color: #444444; font-family: 'Helvetica','sans-serif'; font-size: 12pt;\">Im Namen des O\u00d6. Landesverbandes gratulieren wir Daniel Leutgeb, Gassner Samuel, Wiesinger Jakob und Rosalie W\u00f6ss zu den ausgezeichneten Leistungen bei dieser Europameisterschaft U18 in Sarajevo und ein gro\u00dfer Dank unseren beiden Verbandstrainern Ernst Hofer und Klaus Peter Stollberg.<\/span><\/p>\n<p style=\"text-align: center;\"><span style=\"color: #000000; font-family: Calibri;\">\u00a0<\/span><\/p>\n<p>&nbsp;<\/p>\n<p>&nbsp;<\/p>\n<p>&nbsp;<\/p>\n<p>&nbsp;<\/p>\n","protected":false},"excerpt":{"rendered":"<p>Auch am zweiten Tag hat es bei der U18-EM in Sarajevo f\u00fcr Ober\u00f6sterreich erneut Grund&#8230;<\/p>\n","protected":false},"author":8,"featured_media":1462,"comment_status":"closed","ping_status":"closed","sticky":false,"template":"","format":"standard","meta":{"_cbd_carousel_blocks":"[]","jetpack_publicize_message":"","jetpack_is_tweetstorm":false,"jetpack_publicize_feature_enabled":true,"jetpack_social_post_already_shared":false,"jetpack_social_options":{"image_generator_settings":{"template":"highway","enabled":false}}},"categories":[1],"tags":[],"jetpack_publicize_connections":[],"jetpack_featured_media_url":"https:\/\/judo-ooelv.at\/wp-content\/uploads\/2018\/06\/Er\u00f6ffnung.jpg","_links":{"self":[{"href":"https:\/\/judo-ooelv.at\/index.php?rest_route=\/wp\/v2\/posts\/1466"}],"collection":[{"href":"https:\/\/judo-ooelv.at\/index.php?rest_route=\/wp\/v2\/posts"}],"about":[{"href":"https:\/\/judo-ooelv.at\/index.php?rest_route=\/wp\/v2\/types\/post"}],"author":[{"embeddable":true,"href":"https:\/\/judo-ooelv.at\/index.php?rest_route=\/wp\/v2\/users\/8"}],"replies":[{"embeddable":true,"href":"https:\/\/judo-ooelv.at\/index.php?rest_route=%2Fwp%2Fv2%2Fcomments&post=1466"}],"version-history":[{"count":4,"href":"https:\/\/judo-ooelv.at\/index.php?rest_route=\/wp\/v2\/posts\/1466\/revisions"}],"predecessor-version":[{"id":1470,"href":"https:\/\/judo-ooelv.at\/index.php?rest_route=\/wp\/v2\/posts\/1466\/revisions\/1470"}],"wp:featuredmedia":[{"embeddable":true,"href":"https:\/\/judo-ooelv.at\/index.php?rest_route=\/wp\/v2\/media\/1462"}],"wp:attachment":[{"href":"https:\/\/judo-ooelv.at\/index.php?rest_route=%2Fwp%2Fv2%2Fmedia&parent=1466"}],"wp:term":[{"taxonomy":"category","embeddable":true,"href":"https:\/\/judo-ooelv.at\/index.php?rest_route=%2Fwp%2Fv2%2Fcategories&post=1466"},{"taxonomy":"post_tag","embeddable":true,"href":"https:\/\/judo-ooelv.at\/index.php?rest_route=%2Fwp%2Fv2%2Ftags&post=1466"}],"curies":[{"name":"wp","href":"https:\/\/api.w.org\/{rel}","templated":true}]}}