{"id":1482,"date":"2018-07-15T21:22:19","date_gmt":"2018-07-15T19:22:19","guid":{"rendered":"http:\/\/judo-ooelv.at\/?p=1482"},"modified":"2018-07-15T21:22:19","modified_gmt":"2018-07-15T19:22:19","slug":"niki-rechberger-beim-u21-ec-in-paks-auf-dem-stockerl","status":"publish","type":"post","link":"https:\/\/judo-ooelv.at\/?p=1482","title":{"rendered":"Niki Rechberger beim U21 EC in Paks auf dem Stockerl"},"content":{"rendered":"<p>Eine sehr starke Turnierleistung kr\u00f6nte Niki Rechberger (UJZ \/ TZ O\u00d6) in Paks mit der Bronzemedaille. Nach seinem vorzeitigen Auftaktsieg vs Andrasi (HUN) mit W\u00fcrge mu\u00dfte er sich im 1\/4 Finale dem Italiener und sp\u00e4teren Sibermedaillengewinner Martelloni nach 9:47 min Kampfzeit geschlagen geben. In der Trostrunde besiegte er dann Shtefanesa (UKR) zun\u00e4chst mit Waza-Ari f\u00fcr Tomoe-Nage und Ippon f\u00fcr Sankaku. Im kleinen Finale siegte Niki anschlie\u00dfend vs Drimba (ROU) ebenfalls mit Ippon! Nach dem 7. Platz von Willnauer, Mathias (Dynnamik One) in Leibnitz, dem 5. Platz von Gehmayr (Union Burgkirchen) in Kaunas ist das\u00a0 die 3. Topplatzierung f\u00fcr unsere u21 in der EC-Serie! Gratulation!!<\/p>\n","protected":false},"excerpt":{"rendered":"<p>Eine sehr starke Turnierleistung kr\u00f6nte Niki Rechberger (UJZ \/ TZ O\u00d6) in Paks mit der&#8230;<\/p>\n","protected":false},"author":9,"featured_media":1483,"comment_status":"closed","ping_status":"closed","sticky":false,"template":"","format":"standard","meta":{"_cbd_carousel_blocks":"[]","jetpack_publicize_message":"","jetpack_is_tweetstorm":false,"jetpack_publicize_feature_enabled":true,"jetpack_social_post_already_shared":false,"jetpack_social_options":{"image_generator_settings":{"template":"highway","enabled":false}}},"categories":[1],"tags":[],"jetpack_publicize_connections":[],"jetpack_featured_media_url":"https:\/\/judo-ooelv.at\/wp-content\/uploads\/2018\/07\/IMG_0102.jpg","_links":{"self":[{"href":"https:\/\/judo-ooelv.at\/index.php?rest_route=\/wp\/v2\/posts\/1482"}],"collection":[{"href":"https:\/\/judo-ooelv.at\/index.php?rest_route=\/wp\/v2\/posts"}],"about":[{"href":"https:\/\/judo-ooelv.at\/index.php?rest_route=\/wp\/v2\/types\/post"}],"author":[{"embeddable":true,"href":"https:\/\/judo-ooelv.at\/index.php?rest_route=\/wp\/v2\/users\/9"}],"replies":[{"embeddable":true,"href":"https:\/\/judo-ooelv.at\/index.php?rest_route=%2Fwp%2Fv2%2Fcomments&post=1482"}],"version-history":[{"count":2,"href":"https:\/\/judo-ooelv.at\/index.php?rest_route=\/wp\/v2\/posts\/1482\/revisions"}],"predecessor-version":[{"id":1485,"href":"https:\/\/judo-ooelv.at\/index.php?rest_route=\/wp\/v2\/posts\/1482\/revisions\/1485"}],"wp:featuredmedia":[{"embeddable":true,"href":"https:\/\/judo-ooelv.at\/index.php?rest_route=\/wp\/v2\/media\/1483"}],"wp:attachment":[{"href":"https:\/\/judo-ooelv.at\/index.php?rest_route=%2Fwp%2Fv2%2Fmedia&parent=1482"}],"wp:term":[{"taxonomy":"category","embeddable":true,"href":"https:\/\/judo-ooelv.at\/index.php?rest_route=%2Fwp%2Fv2%2Fcategories&post=1482"},{"taxonomy":"post_tag","embeddable":true,"href":"https:\/\/judo-ooelv.at\/index.php?rest_route=%2Fwp%2Fv2%2Ftags&post=1482"}],"curies":[{"name":"wp","href":"https:\/\/api.w.org\/{rel}","templated":true}]}}