{"id":1498,"date":"2018-08-11T21:39:58","date_gmt":"2018-08-11T19:39:58","guid":{"rendered":"https:\/\/judo-ooelv.at\/?p=1498"},"modified":"2018-08-11T21:39:58","modified_gmt":"2018-08-11T19:39:58","slug":"trainingslager-in-slagelse-den","status":"publish","type":"post","link":"https:\/\/judo-ooelv.at\/?p=1498","title":{"rendered":"Trainingslager in Slagelse (DEN)"},"content":{"rendered":"<p>Wir waren vom d\u00e4nischen Judoverband zu einem Trainingslager in Slagelse eingeladen worden. Direkt im Anschlu\u00df an 2 schwei\u00dftreibende Trainingstage fuhren 7 Sportler vom Talentezentrum am Landessportzentrum auf der Gugl mit dem Landestrainer am Mittwoch zeitigst weiter nach D\u00e4nemark. Bereits am Nachmittag standen wir auf der Matte. Dort warteten nicht nur die, von Peter Scharinger als Cheftrainer betreuten, D\u00e4nen. Auch Athleten aus NOR, SWE, ISL, POL u. HKG boten eine tolle Auswahl an Partnern. In 5 Trainingseinheiten gab jeder Einzelne alles! Auch neben der Judohalle bot das Areal der Sportschule reichlich M\u00f6glichkeiten f\u00fcr vielseitige andere Trainingseinheiten. Einziger Wermutstropfen war die Niederlage im DEN-AUT-Fu\u00dfballspiel. Die Revanche folgt im NJK 2019 auf der Gugl.<\/p>\n<p>Eine Einheit absolvierten wir auf dem cross-fit Feld mit LKW- und Traktorreifen.<\/p>\n<p><img decoding=\"async\" loading=\"lazy\" class=\"alignnone size-medium wp-image-1500\" src=\"https:\/\/judo-ooelv.at\/wp-content\/uploads\/2018\/08\/DEN3-002-300x225.jpg\" alt=\"\" width=\"300\" height=\"225\" srcset=\"https:\/\/judo-ooelv.at\/wp-content\/uploads\/2018\/08\/DEN3-002-300x225.jpg 300w, https:\/\/judo-ooelv.at\/wp-content\/uploads\/2018\/08\/DEN3-002-768x576.jpg 768w, https:\/\/judo-ooelv.at\/wp-content\/uploads\/2018\/08\/DEN3-002-1024x768.jpg 1024w, https:\/\/judo-ooelv.at\/wp-content\/uploads\/2018\/08\/DEN3-002.jpg 2016w\" sizes=\"(max-width: 300px) 100vw, 300px\" \/><\/p>\n","protected":false},"excerpt":{"rendered":"<p>Wir waren vom d\u00e4nischen Judoverband zu einem Trainingslager in Slagelse eingeladen worden. Direkt im Anschlu\u00df&#8230;<\/p>\n","protected":false},"author":9,"featured_media":1499,"comment_status":"closed","ping_status":"closed","sticky":false,"template":"","format":"standard","meta":{"_cbd_carousel_blocks":"[]","jetpack_publicize_message":"","jetpack_is_tweetstorm":false,"jetpack_publicize_feature_enabled":true,"jetpack_social_post_already_shared":false,"jetpack_social_options":{"image_generator_settings":{"template":"highway","enabled":false}}},"categories":[1],"tags":[],"jetpack_publicize_connections":[],"jetpack_featured_media_url":"https:\/\/judo-ooelv.at\/wp-content\/uploads\/2018\/08\/DEN1-002.jpg","_links":{"self":[{"href":"https:\/\/judo-ooelv.at\/index.php?rest_route=\/wp\/v2\/posts\/1498"}],"collection":[{"href":"https:\/\/judo-ooelv.at\/index.php?rest_route=\/wp\/v2\/posts"}],"about":[{"href":"https:\/\/judo-ooelv.at\/index.php?rest_route=\/wp\/v2\/types\/post"}],"author":[{"embeddable":true,"href":"https:\/\/judo-ooelv.at\/index.php?rest_route=\/wp\/v2\/users\/9"}],"replies":[{"embeddable":true,"href":"https:\/\/judo-ooelv.at\/index.php?rest_route=%2Fwp%2Fv2%2Fcomments&post=1498"}],"version-history":[{"count":1,"href":"https:\/\/judo-ooelv.at\/index.php?rest_route=\/wp\/v2\/posts\/1498\/revisions"}],"predecessor-version":[{"id":1501,"href":"https:\/\/judo-ooelv.at\/index.php?rest_route=\/wp\/v2\/posts\/1498\/revisions\/1501"}],"wp:featuredmedia":[{"embeddable":true,"href":"https:\/\/judo-ooelv.at\/index.php?rest_route=\/wp\/v2\/media\/1499"}],"wp:attachment":[{"href":"https:\/\/judo-ooelv.at\/index.php?rest_route=%2Fwp%2Fv2%2Fmedia&parent=1498"}],"wp:term":[{"taxonomy":"category","embeddable":true,"href":"https:\/\/judo-ooelv.at\/index.php?rest_route=%2Fwp%2Fv2%2Fcategories&post=1498"},{"taxonomy":"post_tag","embeddable":true,"href":"https:\/\/judo-ooelv.at\/index.php?rest_route=%2Fwp%2Fv2%2Ftags&post=1498"}],"curies":[{"name":"wp","href":"https:\/\/api.w.org\/{rel}","templated":true}]}}