{"id":1519,"date":"2018-08-20T10:44:55","date_gmt":"2018-08-20T08:44:55","guid":{"rendered":"https:\/\/judo-ooelv.at\/?p=1519"},"modified":"2018-08-20T10:44:55","modified_gmt":"2018-08-20T08:44:55","slug":"landeskadertraining-im-ooe-landessportzentrum-olympiazentrum-linz","status":"publish","type":"post","link":"https:\/\/judo-ooelv.at\/?p=1519","title":{"rendered":"Landeskadertraining im O\u00d6-Landessportzentrum\/Olympiazentrum Linz"},"content":{"rendered":"<p>Die n\u00e4chsten Kadertrainingstermine sind 23.08. u. 30.08. um 18:30 im Judozentrum des Olympiazentrums. In der ersten Septemberwoche (06.09.) findet wegen des O\u00d6-Camps auf der Wurzeralm kein Landeskadertraining statt. Ab 13.09. ist dann wieder regelm\u00e4\u00dfig am Donnerstag auf der Gugl Training.<\/p>\n","protected":false},"excerpt":{"rendered":"<p>Die n\u00e4chsten Kadertrainingstermine sind 23.08. u. 30.08. um 18:30 im Judozentrum des Olympiazentrums. In der&#8230;<\/p>\n","protected":false},"author":9,"featured_media":1520,"comment_status":"closed","ping_status":"closed","sticky":false,"template":"","format":"standard","meta":{"_cbd_carousel_blocks":"[]","jetpack_publicize_message":"","jetpack_is_tweetstorm":false,"jetpack_publicize_feature_enabled":true,"jetpack_social_post_already_shared":false,"jetpack_social_options":{"image_generator_settings":{"template":"highway","enabled":false}}},"categories":[1],"tags":[],"jetpack_publicize_connections":[],"jetpack_featured_media_url":"https:\/\/judo-ooelv.at\/wp-content\/uploads\/2018\/08\/IMG_0547-e1534754589744.jpg","_links":{"self":[{"href":"https:\/\/judo-ooelv.at\/index.php?rest_route=\/wp\/v2\/posts\/1519"}],"collection":[{"href":"https:\/\/judo-ooelv.at\/index.php?rest_route=\/wp\/v2\/posts"}],"about":[{"href":"https:\/\/judo-ooelv.at\/index.php?rest_route=\/wp\/v2\/types\/post"}],"author":[{"embeddable":true,"href":"https:\/\/judo-ooelv.at\/index.php?rest_route=\/wp\/v2\/users\/9"}],"replies":[{"embeddable":true,"href":"https:\/\/judo-ooelv.at\/index.php?rest_route=%2Fwp%2Fv2%2Fcomments&post=1519"}],"version-history":[{"count":1,"href":"https:\/\/judo-ooelv.at\/index.php?rest_route=\/wp\/v2\/posts\/1519\/revisions"}],"predecessor-version":[{"id":1521,"href":"https:\/\/judo-ooelv.at\/index.php?rest_route=\/wp\/v2\/posts\/1519\/revisions\/1521"}],"wp:featuredmedia":[{"embeddable":true,"href":"https:\/\/judo-ooelv.at\/index.php?rest_route=\/wp\/v2\/media\/1520"}],"wp:attachment":[{"href":"https:\/\/judo-ooelv.at\/index.php?rest_route=%2Fwp%2Fv2%2Fmedia&parent=1519"}],"wp:term":[{"taxonomy":"category","embeddable":true,"href":"https:\/\/judo-ooelv.at\/index.php?rest_route=%2Fwp%2Fv2%2Fcategories&post=1519"},{"taxonomy":"post_tag","embeddable":true,"href":"https:\/\/judo-ooelv.at\/index.php?rest_route=%2Fwp%2Fv2%2Ftags&post=1519"}],"curies":[{"name":"wp","href":"https:\/\/api.w.org\/{rel}","templated":true}]}}