{"id":1528,"date":"2018-08-25T16:52:46","date_gmt":"2018-08-25T14:52:46","guid":{"rendered":"https:\/\/judo-ooelv.at\/?p=1528"},"modified":"2018-08-25T17:09:38","modified_gmt":"2018-08-25T15:09:38","slug":"int-turnier-mondsee","status":"publish","type":"post","link":"https:\/\/judo-ooelv.at\/?p=1528","title":{"rendered":"Int. Turnier Mondsee"},"content":{"rendered":"<p>Auch mitten im Sommer geht es auf den heimischen Matten heiss her. Beim Internationalen Turnier in Mondsee fanden sich auch einige Ober\u00f6sterreicher f\u00fcr Wettk\u00e4mpfe in der Sommerpause ein. Beim stark besetzten Turnier mit 239 Startern aus 7 Nationen (AUT, MDA, ROU, GER, HUN, ITA und BLG) k\u00e4mpften sich die Judokas aus Reichraming in der Vereinswertung an Platz 3.<\/p>\n<p>&nbsp;<\/p>\n<p><a href=\"http:\/\/judo-ooelv.at\/ergebnisse\/2018\/WEB_Mondsee_18\/_index.htm\" target=\"_blank\" rel=\"noopener\">Ergebnisse<\/a><\/p>\n","protected":false},"excerpt":{"rendered":"<p>Auch mitten im Sommer geht es auf den heimischen Matten heiss her. Beim Internationalen Turnier&#8230;<\/p>\n","protected":false},"author":7,"featured_media":1530,"comment_status":"closed","ping_status":"closed","sticky":false,"template":"","format":"standard","meta":{"_cbd_carousel_blocks":"[]","jetpack_publicize_message":"","jetpack_is_tweetstorm":false,"jetpack_publicize_feature_enabled":true,"jetpack_social_post_already_shared":false,"jetpack_social_options":{"image_generator_settings":{"template":"highway","enabled":false}}},"categories":[1],"tags":[],"jetpack_publicize_connections":[],"jetpack_featured_media_url":"https:\/\/judo-ooelv.at\/wp-content\/uploads\/2018\/08\/20180825_165815.jpg","_links":{"self":[{"href":"https:\/\/judo-ooelv.at\/index.php?rest_route=\/wp\/v2\/posts\/1528"}],"collection":[{"href":"https:\/\/judo-ooelv.at\/index.php?rest_route=\/wp\/v2\/posts"}],"about":[{"href":"https:\/\/judo-ooelv.at\/index.php?rest_route=\/wp\/v2\/types\/post"}],"author":[{"embeddable":true,"href":"https:\/\/judo-ooelv.at\/index.php?rest_route=\/wp\/v2\/users\/7"}],"replies":[{"embeddable":true,"href":"https:\/\/judo-ooelv.at\/index.php?rest_route=%2Fwp%2Fv2%2Fcomments&post=1528"}],"version-history":[{"count":1,"href":"https:\/\/judo-ooelv.at\/index.php?rest_route=\/wp\/v2\/posts\/1528\/revisions"}],"predecessor-version":[{"id":1529,"href":"https:\/\/judo-ooelv.at\/index.php?rest_route=\/wp\/v2\/posts\/1528\/revisions\/1529"}],"wp:featuredmedia":[{"embeddable":true,"href":"https:\/\/judo-ooelv.at\/index.php?rest_route=\/wp\/v2\/media\/1530"}],"wp:attachment":[{"href":"https:\/\/judo-ooelv.at\/index.php?rest_route=%2Fwp%2Fv2%2Fmedia&parent=1528"}],"wp:term":[{"taxonomy":"category","embeddable":true,"href":"https:\/\/judo-ooelv.at\/index.php?rest_route=%2Fwp%2Fv2%2Fcategories&post=1528"},{"taxonomy":"post_tag","embeddable":true,"href":"https:\/\/judo-ooelv.at\/index.php?rest_route=%2Fwp%2Fv2%2Ftags&post=1528"}],"curies":[{"name":"wp","href":"https:\/\/api.w.org\/{rel}","templated":true}]}}