{"id":1554,"date":"2018-09-02T22:50:51","date_gmt":"2018-09-02T20:50:51","guid":{"rendered":"https:\/\/judo-ooelv.at\/?p=1554"},"modified":"2018-09-02T22:50:51","modified_gmt":"2018-09-02T20:50:51","slug":"zwei-starter-am-2-tag-in-bratislava-und-2x-bronze","status":"publish","type":"post","link":"https:\/\/judo-ooelv.at\/?p=1554","title":{"rendered":"Zwei Starter am 2.Tag in Bratislava und 2x Bronze"},"content":{"rendered":"<p>Mit 6 Siegen erk\u00e4mpfte sich Shamil Borchashvili (LZ Multikraft Wels), seit Juli am Olympiazentrum in Linz trainierend, seine 1. Medaille bei einem Europacup der AK. Chronologisch besiegte er Skura (CZE); Toth (HUN) jeweils mit Ippon. Gegen Kalaev (RUS) ging es richtig hart zur Sache, Shamil zeigte richtigen Siegeswillen und gewann verdient mit Waza-Ari. Im 1\/4-Finale mu\u00dfte er sich vs Cercea (ROU) geschlagen geben. In der Trostrunde \u00fcberzeugte er dann mit klaren Siegen vs Laakonen (FIN) und Drzybal (POL). Den Kampf um Platz 3 vs Pangani (UKR) gestaltete er sehr konsequent und siegte mit 2x Waza-Ari f\u00fcr Abtaucher. Gratulation zu Bronze und weiter so!!<\/p>\n<p>Im Schwergewicht ging unser WM-Starter Daniel Allerstorfer (UJZ) nach einer mehrmonatigen Verletzungspause das erste Mal auf die Wettkampfmatte. Es sollte die Feuertaufe f\u00fcr die WM werden. Nach Ipponsiegen vs Grabowski (POL) mit Ko-Uchi-Gari und\u00a0 Waczulik (HUN) mit O-Uchi-Gari wurde Dani im Semifinale kurz vor Kampfende bei einem Uchi-Mata-Angriff von Simionescu (ROU) gekontert. Die Bronzemedaille sicherte er sich dann ganz klar mit Ippon f\u00fcr Osae-Komi nach Waza-Ari im Stand! Die Erleichterung war nicht nur Daniel anzusehen, auch mir ist im Hinblick auf die WM und die folgende Olympiaqualifikation ein riesen Stein vom Herzen gefallen.<\/p>\n<p>Unter dem Strich war es ein sehr erfolgreiches Wochenende f\u00fcr Ober\u00f6sterreich!! Die Jahresh\u00f6hepunkte k\u00f6nnen kommen! Wir sind bereit!<\/p>\n<p>An dieser Stelle m\u00f6chte ich allen Heimtrainern und Unterst\u00fctzern am Olympiazentrum danken, ohne die unsere Resultate nicht m\u00f6glich w\u00e4ren!!<\/p>\n<p><img decoding=\"async\" loading=\"lazy\" class=\"alignnone size-medium wp-image-1556\" src=\"https:\/\/judo-ooelv.at\/wp-content\/uploads\/2018\/09\/Bratislava-Shamil-002-300x225.jpg\" alt=\"\" width=\"300\" height=\"225\" srcset=\"https:\/\/judo-ooelv.at\/wp-content\/uploads\/2018\/09\/Bratislava-Shamil-002-300x225.jpg 300w, https:\/\/judo-ooelv.at\/wp-content\/uploads\/2018\/09\/Bratislava-Shamil-002-768x576.jpg 768w, https:\/\/judo-ooelv.at\/wp-content\/uploads\/2018\/09\/Bratislava-Shamil-002-1024x768.jpg 1024w, https:\/\/judo-ooelv.at\/wp-content\/uploads\/2018\/09\/Bratislava-Shamil-002.jpg 2016w\" sizes=\"(max-width: 300px) 100vw, 300px\" \/><\/p>\n<p>&nbsp;<\/p>\n<p>&nbsp;<\/p>\n","protected":false},"excerpt":{"rendered":"<p>Mit 6 Siegen erk\u00e4mpfte sich Shamil Borchashvili (LZ Multikraft Wels), seit Juli am Olympiazentrum in&#8230;<\/p>\n","protected":false},"author":9,"featured_media":1555,"comment_status":"closed","ping_status":"closed","sticky":false,"template":"","format":"standard","meta":{"_cbd_carousel_blocks":"[]","jetpack_publicize_message":"","jetpack_is_tweetstorm":false,"jetpack_publicize_feature_enabled":true,"jetpack_social_post_already_shared":false,"jetpack_social_options":{"image_generator_settings":{"template":"highway","enabled":false}}},"categories":[1],"tags":[],"jetpack_publicize_connections":[],"jetpack_featured_media_url":"https:\/\/judo-ooelv.at\/wp-content\/uploads\/2018\/09\/Bratislava-Tag2-002.jpg","_links":{"self":[{"href":"https:\/\/judo-ooelv.at\/index.php?rest_route=\/wp\/v2\/posts\/1554"}],"collection":[{"href":"https:\/\/judo-ooelv.at\/index.php?rest_route=\/wp\/v2\/posts"}],"about":[{"href":"https:\/\/judo-ooelv.at\/index.php?rest_route=\/wp\/v2\/types\/post"}],"author":[{"embeddable":true,"href":"https:\/\/judo-ooelv.at\/index.php?rest_route=\/wp\/v2\/users\/9"}],"replies":[{"embeddable":true,"href":"https:\/\/judo-ooelv.at\/index.php?rest_route=%2Fwp%2Fv2%2Fcomments&post=1554"}],"version-history":[{"count":2,"href":"https:\/\/judo-ooelv.at\/index.php?rest_route=\/wp\/v2\/posts\/1554\/revisions"}],"predecessor-version":[{"id":1558,"href":"https:\/\/judo-ooelv.at\/index.php?rest_route=\/wp\/v2\/posts\/1554\/revisions\/1558"}],"wp:featuredmedia":[{"embeddable":true,"href":"https:\/\/judo-ooelv.at\/index.php?rest_route=\/wp\/v2\/media\/1555"}],"wp:attachment":[{"href":"https:\/\/judo-ooelv.at\/index.php?rest_route=%2Fwp%2Fv2%2Fmedia&parent=1554"}],"wp:term":[{"taxonomy":"category","embeddable":true,"href":"https:\/\/judo-ooelv.at\/index.php?rest_route=%2Fwp%2Fv2%2Fcategories&post=1554"},{"taxonomy":"post_tag","embeddable":true,"href":"https:\/\/judo-ooelv.at\/index.php?rest_route=%2Fwp%2Fv2%2Ftags&post=1554"}],"curies":[{"name":"wp","href":"https:\/\/api.w.org\/{rel}","templated":true}]}}