{"id":1565,"date":"2018-09-13T20:03:31","date_gmt":"2018-09-13T18:03:31","guid":{"rendered":"https:\/\/judo-ooelv.at\/?p=1565"},"modified":"2018-09-14T13:01:31","modified_gmt":"2018-09-14T11:01:31","slug":"ooe-trainingslager-auf-der-wurzeralm","status":"publish","type":"post","link":"https:\/\/judo-ooelv.at\/?p=1565","title":{"rendered":"O\u00d6-Trainingslager auf der Wurzeralm"},"content":{"rendered":"<p>In der ersten Septemberwoche waren 37 Sportler aus 11 Vereinen der Einladung auf die Wurzeralm gefolgt. Wir wurden duch das Team des Landes-Jungendhauses vorz\u00fcglich betreut und bestens bekocht!! Danke an das Haus!! Neben einem anspruchsvollen 10-Kampf um den Titel des &#8222;Wurzeralmk\u00f6nigs bzw. K\u00f6nigin) gab es ein interessantes Wander- u. Outdoor-Programm. Regenphasen \u00fcberbr\u00fcckten wir mit einem Tischtennis- u. Wutzlerturnier. Gro\u00dfe Begeisterung gab es auch beim Fu\u00dfballturnier (gemischte Teams aus allen Altersklassen). Die gleichen Teams waren dann auch noch bei einem Staffelbewerb am Start. Ein herzliches Danke geb\u00fchrt dem Betreuerteam vor Ort mit Thomas Falkner, Thomas Starzer, Florian Doppelhammer, Susann Stollberg, Klaus-Peter Stollberg und nicht zuletzt ganz besonders an G\u00fcnther Brandtner, der alles so gut organisiert hat. Wir freuen uns aufs n\u00e4chste Jahr!<\/p>\n<p>Weitere Infos auf der Homepage von Rapso O\u00d6<\/p>\n","protected":false},"excerpt":{"rendered":"<p>In der ersten Septemberwoche waren 37 Sportler aus 11 Vereinen der Einladung auf die Wurzeralm&#8230;<\/p>\n","protected":false},"author":9,"featured_media":1566,"comment_status":"closed","ping_status":"closed","sticky":false,"template":"","format":"standard","meta":{"_cbd_carousel_blocks":"[]","jetpack_publicize_message":"","jetpack_is_tweetstorm":false,"jetpack_publicize_feature_enabled":true,"jetpack_social_post_already_shared":false,"jetpack_social_options":{"image_generator_settings":{"template":"highway","enabled":false}}},"categories":[1],"tags":[],"jetpack_publicize_connections":[],"jetpack_featured_media_url":"https:\/\/judo-ooelv.at\/wp-content\/uploads\/2018\/09\/wURZERALM-002.jpg","_links":{"self":[{"href":"https:\/\/judo-ooelv.at\/index.php?rest_route=\/wp\/v2\/posts\/1565"}],"collection":[{"href":"https:\/\/judo-ooelv.at\/index.php?rest_route=\/wp\/v2\/posts"}],"about":[{"href":"https:\/\/judo-ooelv.at\/index.php?rest_route=\/wp\/v2\/types\/post"}],"author":[{"embeddable":true,"href":"https:\/\/judo-ooelv.at\/index.php?rest_route=\/wp\/v2\/users\/9"}],"replies":[{"embeddable":true,"href":"https:\/\/judo-ooelv.at\/index.php?rest_route=%2Fwp%2Fv2%2Fcomments&post=1565"}],"version-history":[{"count":3,"href":"https:\/\/judo-ooelv.at\/index.php?rest_route=\/wp\/v2\/posts\/1565\/revisions"}],"predecessor-version":[{"id":1576,"href":"https:\/\/judo-ooelv.at\/index.php?rest_route=\/wp\/v2\/posts\/1565\/revisions\/1576"}],"wp:featuredmedia":[{"embeddable":true,"href":"https:\/\/judo-ooelv.at\/index.php?rest_route=\/wp\/v2\/media\/1566"}],"wp:attachment":[{"href":"https:\/\/judo-ooelv.at\/index.php?rest_route=%2Fwp%2Fv2%2Fmedia&parent=1565"}],"wp:term":[{"taxonomy":"category","embeddable":true,"href":"https:\/\/judo-ooelv.at\/index.php?rest_route=%2Fwp%2Fv2%2Fcategories&post=1565"},{"taxonomy":"post_tag","embeddable":true,"href":"https:\/\/judo-ooelv.at\/index.php?rest_route=%2Fwp%2Fv2%2Ftags&post=1565"}],"curies":[{"name":"wp","href":"https:\/\/api.w.org\/{rel}","templated":true}]}}