{"id":1569,"date":"2018-09-13T20:34:09","date_gmt":"2018-09-13T18:34:09","guid":{"rendered":"https:\/\/judo-ooelv.at\/?p=1569"},"modified":"2018-09-13T20:35:55","modified_gmt":"2018-09-13T18:35:55","slug":"bronze-fuer-ooe-am-1-tag-der-em-u21-in-sofia","status":"publish","type":"post","link":"https:\/\/judo-ooelv.at\/?p=1569","title":{"rendered":"Bronze f\u00fcr O\u00d6 am 1. Tag der EM u21 in Sofia"},"content":{"rendered":"<p>Am heutigen 1. Wettkampftag der Junioren EM in Sofia war O\u00d6-Tag. In der Klasse bis 66 kg erk\u00e4mpfte sich, im wahrsten Sinne des Wortes, Wachid Borchashvili (LZ Wels) die Bronzemedaille. Der Sportler des Talentezentrums O\u00d6 u. BORG-Sch\u00fcler kr\u00f6nte eine anstrengende Woche. Nach 2 Pr\u00fcfungen in der Schule, holte er zum gro\u00dfen Schlag aus. In der ersten Runde besiegte er Serra POR mit Ippon. Dann folgten zwei Goldenscoor Partien vs den an Nummer 1 gesetzten Spanier Cases Roca (7:55 min) und Mella aus ITA\u00a0 (9:38!!), die gewonnen wurden. Im Finaleinzug mu\u00dfte er sich dem Russen Chopanov mit Ippon f\u00fcr Sode-Tsuri-Komi-Goshi geschlagen geben. Der Bronze-Kampf war dann wieder ein wahrer Krimi!! Nach wieder 7:57 min erhielt der Israeli Shaiman schlie\u00dflich das 3. Shido und Wachid den Sieg!! Gratulation zu dieser weiteren Medaille nach der langen Verletzungspause (Gold in Cluj-Napocka u21; Bronze in Bratislava in der AK)!!<\/p>\n<p>Unser 2. Starter war Nikolas Rechberger (UJZ), der sich in Runde 1 vs den starken Rum\u00e4nen Tomescu mit Ippon f\u00fcr Sangaku durchsetzen konnte. Dann kam mit dem an Nummer 1 gesetzten Aliyev (AZE) ein richtiger Brocken. Beherzt k\u00e4mpfte Niki und\u00a0 konnte den Kampf lange offen halten. Doch nach 3:33 min mu\u00dfte er sich dann dem sp\u00e4teren Vizeeuropameiser\u00a0 geschlagen geben.<\/p>\n<p>Es war ein echt starker Auftritt der beiden BORG-Sch\u00fcler und nach der EM u18 weiteres internationales Toppresultat f\u00fcr die Trainingsgruppe Judo des Talentezentrum O\u00d6 am Olympiazentrum Linz!!<\/p>\n<p><img decoding=\"async\" loading=\"lazy\" class=\"alignnone size-medium wp-image-1571\" src=\"https:\/\/judo-ooelv.at\/wp-content\/uploads\/2018\/09\/IMG_1247-300x225.jpg\" alt=\"\" width=\"300\" height=\"225\" srcset=\"https:\/\/judo-ooelv.at\/wp-content\/uploads\/2018\/09\/IMG_1247-300x225.jpg 300w, https:\/\/judo-ooelv.at\/wp-content\/uploads\/2018\/09\/IMG_1247-768x576.jpg 768w, https:\/\/judo-ooelv.at\/wp-content\/uploads\/2018\/09\/IMG_1247-1024x768.jpg 1024w, https:\/\/judo-ooelv.at\/wp-content\/uploads\/2018\/09\/IMG_1247.jpg 2016w\" sizes=\"(max-width: 300px) 100vw, 300px\" \/>\u00a0\u00a0 <img decoding=\"async\" loading=\"lazy\" class=\"alignnone size-medium wp-image-1572\" src=\"https:\/\/judo-ooelv.at\/wp-content\/uploads\/2018\/09\/IMG_1249-300x225.jpg\" alt=\"\" width=\"300\" height=\"225\" srcset=\"https:\/\/judo-ooelv.at\/wp-content\/uploads\/2018\/09\/IMG_1249-300x225.jpg 300w, https:\/\/judo-ooelv.at\/wp-content\/uploads\/2018\/09\/IMG_1249-768x576.jpg 768w, https:\/\/judo-ooelv.at\/wp-content\/uploads\/2018\/09\/IMG_1249-1024x768.jpg 1024w, https:\/\/judo-ooelv.at\/wp-content\/uploads\/2018\/09\/IMG_1249.jpg 2016w\" sizes=\"(max-width: 300px) 100vw, 300px\" \/><\/p>\n<p>Nun geht`s zum Mix-Team bewerb wo beide O\u00d6-Starter jeweils ein Kategorie h\u00f6her starten werden!! Daf\u00fcr w\u00fcnschen wir viel Erfolg!! Und dann auf zur WM auf die Bahamas!!<\/p>\n<p>&nbsp;<\/p>\n","protected":false},"excerpt":{"rendered":"<p>Am heutigen 1. Wettkampftag der Junioren EM in Sofia war O\u00d6-Tag. In der Klasse bis&#8230;<\/p>\n","protected":false},"author":9,"featured_media":1570,"comment_status":"closed","ping_status":"closed","sticky":false,"template":"","format":"standard","meta":{"_cbd_carousel_blocks":"[]","jetpack_publicize_message":"","jetpack_is_tweetstorm":false,"jetpack_publicize_feature_enabled":true,"jetpack_social_post_already_shared":false,"jetpack_social_options":{"image_generator_settings":{"template":"highway","enabled":false}}},"categories":[1],"tags":[],"jetpack_publicize_connections":[],"jetpack_featured_media_url":"https:\/\/judo-ooelv.at\/wp-content\/uploads\/2018\/09\/IMG_1238.jpg","_links":{"self":[{"href":"https:\/\/judo-ooelv.at\/index.php?rest_route=\/wp\/v2\/posts\/1569"}],"collection":[{"href":"https:\/\/judo-ooelv.at\/index.php?rest_route=\/wp\/v2\/posts"}],"about":[{"href":"https:\/\/judo-ooelv.at\/index.php?rest_route=\/wp\/v2\/types\/post"}],"author":[{"embeddable":true,"href":"https:\/\/judo-ooelv.at\/index.php?rest_route=\/wp\/v2\/users\/9"}],"replies":[{"embeddable":true,"href":"https:\/\/judo-ooelv.at\/index.php?rest_route=%2Fwp%2Fv2%2Fcomments&post=1569"}],"version-history":[{"count":2,"href":"https:\/\/judo-ooelv.at\/index.php?rest_route=\/wp\/v2\/posts\/1569\/revisions"}],"predecessor-version":[{"id":1574,"href":"https:\/\/judo-ooelv.at\/index.php?rest_route=\/wp\/v2\/posts\/1569\/revisions\/1574"}],"wp:featuredmedia":[{"embeddable":true,"href":"https:\/\/judo-ooelv.at\/index.php?rest_route=\/wp\/v2\/media\/1570"}],"wp:attachment":[{"href":"https:\/\/judo-ooelv.at\/index.php?rest_route=%2Fwp%2Fv2%2Fmedia&parent=1569"}],"wp:term":[{"taxonomy":"category","embeddable":true,"href":"https:\/\/judo-ooelv.at\/index.php?rest_route=%2Fwp%2Fv2%2Fcategories&post=1569"},{"taxonomy":"post_tag","embeddable":true,"href":"https:\/\/judo-ooelv.at\/index.php?rest_route=%2Fwp%2Fv2%2Ftags&post=1569"}],"curies":[{"name":"wp","href":"https:\/\/api.w.org\/{rel}","templated":true}]}}