{"id":1596,"date":"2018-09-23T14:58:49","date_gmt":"2018-09-23T12:58:49","guid":{"rendered":"https:\/\/judo-ooelv.at\/?p=1596"},"modified":"2018-09-23T14:58:49","modified_gmt":"2018-09-23T12:58:49","slug":"ooe-judolandesverband-bei-der-weinkellerei-lenz-moser","status":"publish","type":"post","link":"https:\/\/judo-ooelv.at\/?p=1596","title":{"rendered":"O\u00d6. JUDOLANDESVERBAND BEI DER WEINKELLEREI LENZ MOSER"},"content":{"rendered":"<p>Der O\u00d6. Judolandesverband war am Samstag den 22.09.2018 beim Weingut LENZ MOSER eingeladen. Die Anreise war mit einen Riesen-Bus gut organisiert. Nach einem netten Sektempfang ging es weiter zur F\u00fchrung durch die Weinkellerei mit Hr. Mag. Otto Bruckner, Frau Monika Platzl und Herrn Mario Kermer. Wir waren beeindruckt von der modernen Weinkellerei, den alten Weinf\u00e4ssern und der uralten Weinpresse aus dem Jahre 1558.<\/p>\n<p>Anschlie\u00dfend durften wir die Weindegustation und ein ausreichendes Buffet genie\u00dfen. Das Beisammensein war sehr gem\u00fctlich. Bei der Heimreise gabs leider einen technischen Defekt am Bus, soda\u00df wir einen Ersatzbus anfordern mussten und mit 2 Stunden Versp\u00e4tung zu Hause waren.<\/p>\n<p>Der O\u00d6. Judolandesverband m\u00f6chte sich bei Otto Bruckner f\u00fcr diese tolle Veranstaltung recht herzlich bedanken.<\/p>\n<p><img decoding=\"async\" loading=\"lazy\" class=\"alignnone size-medium wp-image-1603\" src=\"https:\/\/judo-ooelv.at\/wp-content\/uploads\/2018\/09\/20180922_162115-e1537707261229-225x300.jpg\" alt=\"\" width=\"225\" height=\"300\" srcset=\"https:\/\/judo-ooelv.at\/wp-content\/uploads\/2018\/09\/20180922_162115-e1537707261229-225x300.jpg 225w, https:\/\/judo-ooelv.at\/wp-content\/uploads\/2018\/09\/20180922_162115-e1537707261229-768x1024.jpg 768w, https:\/\/judo-ooelv.at\/wp-content\/uploads\/2018\/09\/20180922_162115-e1537707261229.jpg 1536w\" sizes=\"(max-width: 225px) 100vw, 225px\" \/> <img decoding=\"async\" loading=\"lazy\" class=\"alignnone size-medium wp-image-1607\" style=\"background-color: transparent; color: #333333; font-family: Georgia,&amp;quot; times new roman&amp;quot;,&amp;quot;bitstream charter&amp;quot;,times,serif; font-size: 16px; font-style: normal; font-variant: normal; font-weight: 400; height: 225px; letter-spacing: normal; max-width: 1380px; orphans: 2; outline-color: #72777c; outline-style: solid; outline-width: 1px; text-align: left; text-decoration: none; text-indent: 0px; text-transform: none; -webkit-text-stroke-width: 0px; white-space: normal; word-spacing: 0px;\" src=\"https:\/\/judo-ooelv.at\/wp-content\/uploads\/2018\/09\/IMG-20180923-WA0001-300x225.jpg\" alt=\"\" width=\"300\" height=\"225\" srcset=\"https:\/\/judo-ooelv.at\/wp-content\/uploads\/2018\/09\/IMG-20180923-WA0001-300x225.jpg 300w, https:\/\/judo-ooelv.at\/wp-content\/uploads\/2018\/09\/IMG-20180923-WA0001-768x576.jpg 768w, https:\/\/judo-ooelv.at\/wp-content\/uploads\/2018\/09\/IMG-20180923-WA0001-1024x768.jpg 1024w, https:\/\/judo-ooelv.at\/wp-content\/uploads\/2018\/09\/IMG-20180923-WA0001.jpg 1600w\" sizes=\"(max-width: 300px) 100vw, 300px\" \/><img decoding=\"async\" loading=\"lazy\" class=\"alignnone size-medium wp-image-1606\" style=\"background-color: transparent; color: #333333; font-family: Georgia,&amp;quot; times new roman&amp;quot;,&amp;quot;bitstream charter&amp;quot;,times,serif; font-size: 16px; font-style: normal; font-variant: normal; font-weight: 400; height: 225px; letter-spacing: normal; max-width: 1380px; orphans: 2; outline-color: #72777c; outline-style: solid; outline-width: 1px; text-align: left; text-decoration: none; text-indent: 0px; text-transform: none; -webkit-text-stroke-width: 0px; white-space: normal; word-spacing: 0px;\" src=\"https:\/\/judo-ooelv.at\/wp-content\/uploads\/2018\/09\/IMG-20180922-WA0057-300x225.jpg\" alt=\"\" width=\"300\" height=\"225\" srcset=\"https:\/\/judo-ooelv.at\/wp-content\/uploads\/2018\/09\/IMG-20180922-WA0057-300x225.jpg 300w, https:\/\/judo-ooelv.at\/wp-content\/uploads\/2018\/09\/IMG-20180922-WA0057-768x576.jpg 768w, https:\/\/judo-ooelv.at\/wp-content\/uploads\/2018\/09\/IMG-20180922-WA0057-1024x768.jpg 1024w, https:\/\/judo-ooelv.at\/wp-content\/uploads\/2018\/09\/IMG-20180922-WA0057.jpg 1600w\" sizes=\"(max-width: 300px) 100vw, 300px\" \/><img decoding=\"async\" loading=\"lazy\" class=\"alignnone size-medium wp-image-1604\" style=\"background-color: transparent; color: #333333; font-family: Georgia,&amp;quot; times new roman&amp;quot;,&amp;quot;bitstream charter&amp;quot;,times,serif; font-size: 16px; font-style: normal; font-variant: normal; font-weight: 400; height: 225px; letter-spacing: normal; max-width: 1380px; orphans: 2; outline-color: #72777c; outline-style: solid; outline-width: 1px; text-align: left; text-decoration: none; text-indent: 0px; text-transform: none; -webkit-text-stroke-width: 0px; white-space: normal; word-spacing: 0px;\" src=\"https:\/\/judo-ooelv.at\/wp-content\/uploads\/2018\/09\/IMG-20180922-WA0047-300x225.jpg\" alt=\"\" width=\"300\" height=\"225\" srcset=\"https:\/\/judo-ooelv.at\/wp-content\/uploads\/2018\/09\/IMG-20180922-WA0047-300x225.jpg 300w, https:\/\/judo-ooelv.at\/wp-content\/uploads\/2018\/09\/IMG-20180922-WA0047-768x576.jpg 768w, https:\/\/judo-ooelv.at\/wp-content\/uploads\/2018\/09\/IMG-20180922-WA0047-1024x768.jpg 1024w, https:\/\/judo-ooelv.at\/wp-content\/uploads\/2018\/09\/IMG-20180922-WA0047.jpg 1600w\" sizes=\"(max-width: 300px) 100vw, 300px\" \/><img decoding=\"async\" loading=\"lazy\" class=\"alignnone size-medium wp-image-1602\" src=\"https:\/\/judo-ooelv.at\/wp-content\/uploads\/2018\/09\/20180922_160937-1-300x225.jpg\" alt=\"\" width=\"300\" height=\"225\" srcset=\"https:\/\/judo-ooelv.at\/wp-content\/uploads\/2018\/09\/20180922_160937-1-300x225.jpg 300w, https:\/\/judo-ooelv.at\/wp-content\/uploads\/2018\/09\/20180922_160937-1-768x576.jpg 768w, https:\/\/judo-ooelv.at\/wp-content\/uploads\/2018\/09\/20180922_160937-1-1024x768.jpg 1024w\" sizes=\"(max-width: 300px) 100vw, 300px\" \/> <img decoding=\"async\" loading=\"lazy\" class=\"alignnone size-medium wp-image-1601\" src=\"https:\/\/judo-ooelv.at\/wp-content\/uploads\/2018\/09\/20180922_155517-300x225.jpg\" alt=\"\" width=\"300\" height=\"225\" srcset=\"https:\/\/judo-ooelv.at\/wp-content\/uploads\/2018\/09\/20180922_155517-300x225.jpg 300w, https:\/\/judo-ooelv.at\/wp-content\/uploads\/2018\/09\/20180922_155517-768x576.jpg 768w, https:\/\/judo-ooelv.at\/wp-content\/uploads\/2018\/09\/20180922_155517-1024x768.jpg 1024w\" sizes=\"(max-width: 300px) 100vw, 300px\" \/> <img decoding=\"async\" loading=\"lazy\" class=\"alignnone size-medium wp-image-1600\" src=\"https:\/\/judo-ooelv.at\/wp-content\/uploads\/2018\/09\/20180922_155402-e1537707292925-225x300.jpg\" alt=\"\" width=\"225\" height=\"300\" srcset=\"https:\/\/judo-ooelv.at\/wp-content\/uploads\/2018\/09\/20180922_155402-e1537707292925-225x300.jpg 225w, https:\/\/judo-ooelv.at\/wp-content\/uploads\/2018\/09\/20180922_155402-e1537707292925-768x1024.jpg 768w, https:\/\/judo-ooelv.at\/wp-content\/uploads\/2018\/09\/20180922_155402-e1537707292925.jpg 1536w\" sizes=\"(max-width: 225px) 100vw, 225px\" \/> <img decoding=\"async\" loading=\"lazy\" class=\"alignnone size-medium wp-image-1599\" src=\"https:\/\/judo-ooelv.at\/wp-content\/uploads\/2018\/09\/20180922_154851-e1537707327275-225x300.jpg\" alt=\"\" width=\"225\" height=\"300\" srcset=\"https:\/\/judo-ooelv.at\/wp-content\/uploads\/2018\/09\/20180922_154851-e1537707327275-225x300.jpg 225w, https:\/\/judo-ooelv.at\/wp-content\/uploads\/2018\/09\/20180922_154851-e1537707327275-768x1024.jpg 768w, https:\/\/judo-ooelv.at\/wp-content\/uploads\/2018\/09\/20180922_154851-e1537707327275.jpg 1536w\" sizes=\"(max-width: 225px) 100vw, 225px\" \/>\u00a0 \u00a0 <b><\/b><i><\/i><u><\/u><\/p>\n<p>&nbsp;<\/p>\n<p>&nbsp;<\/p>\n","protected":false},"excerpt":{"rendered":"<p>Der O\u00d6. Judolandesverband war am Samstag den 22.09.2018 beim Weingut LENZ MOSER eingeladen. Die Anreise&#8230;<\/p>\n","protected":false},"author":8,"featured_media":1597,"comment_status":"closed","ping_status":"closed","sticky":false,"template":"","format":"standard","meta":{"_cbd_carousel_blocks":"[]","jetpack_publicize_message":"","jetpack_is_tweetstorm":false,"jetpack_publicize_feature_enabled":true,"jetpack_social_post_already_shared":false,"jetpack_social_options":{"image_generator_settings":{"template":"highway","enabled":false}}},"categories":[1],"tags":[],"jetpack_publicize_connections":[],"jetpack_featured_media_url":"https:\/\/judo-ooelv.at\/wp-content\/uploads\/2018\/09\/20180922_160937.jpg","_links":{"self":[{"href":"https:\/\/judo-ooelv.at\/index.php?rest_route=\/wp\/v2\/posts\/1596"}],"collection":[{"href":"https:\/\/judo-ooelv.at\/index.php?rest_route=\/wp\/v2\/posts"}],"about":[{"href":"https:\/\/judo-ooelv.at\/index.php?rest_route=\/wp\/v2\/types\/post"}],"author":[{"embeddable":true,"href":"https:\/\/judo-ooelv.at\/index.php?rest_route=\/wp\/v2\/users\/8"}],"replies":[{"embeddable":true,"href":"https:\/\/judo-ooelv.at\/index.php?rest_route=%2Fwp%2Fv2%2Fcomments&post=1596"}],"version-history":[{"count":4,"href":"https:\/\/judo-ooelv.at\/index.php?rest_route=\/wp\/v2\/posts\/1596\/revisions"}],"predecessor-version":[{"id":1610,"href":"https:\/\/judo-ooelv.at\/index.php?rest_route=\/wp\/v2\/posts\/1596\/revisions\/1610"}],"wp:featuredmedia":[{"embeddable":true,"href":"https:\/\/judo-ooelv.at\/index.php?rest_route=\/wp\/v2\/media\/1597"}],"wp:attachment":[{"href":"https:\/\/judo-ooelv.at\/index.php?rest_route=%2Fwp%2Fv2%2Fmedia&parent=1596"}],"wp:term":[{"taxonomy":"category","embeddable":true,"href":"https:\/\/judo-ooelv.at\/index.php?rest_route=%2Fwp%2Fv2%2Fcategories&post=1596"},{"taxonomy":"post_tag","embeddable":true,"href":"https:\/\/judo-ooelv.at\/index.php?rest_route=%2Fwp%2Fv2%2Ftags&post=1596"}],"curies":[{"name":"wp","href":"https:\/\/api.w.org\/{rel}","templated":true}]}}