{"id":1611,"date":"2018-09-24T08:17:33","date_gmt":"2018-09-24T06:17:33","guid":{"rendered":"https:\/\/judo-ooelv.at\/?p=1611"},"modified":"2018-09-24T08:18:15","modified_gmt":"2018-09-24T06:18:15","slug":"knapp-90-schueler-innen-beim-kadertraining-im-landessportzentrum-linz","status":"publish","type":"post","link":"https:\/\/judo-ooelv.at\/?p=1611","title":{"rendered":"Knapp 90 Sch\u00fcler\/innen beim Kadertraining im Landessportzentrum Linz"},"content":{"rendered":"<p>Am Samstag, 22. September\u00a0trafen sich 88 motivierte Sch\u00fclerInnen aus 12 Vereinen im Judozentrum am Landessportzentrum Linz zum ersten gemeinsamen Training unter der Leitung des neuen ober\u00f6sterreichischen Sch\u00fcler-Referenten Florian Doppelhammer, der sich sichtlich gl\u00fccklich \u00fcber einen so gro\u00dfen Andrang zeigte: \u201eNat\u00fcrlich freut es mich sehr wenn so viele motivierte Nachwuchs-Judoka an einem gemeinsamen Training Interesse zeigen. Da freue ich mich schon auf die n\u00e4chsten Kaderma\u00dfnahmen und die im Herbst anstehenden Turniere, wo wir hoffentlich erfolgreich zuschlagen k\u00f6nnen!\u201c<\/p>\n<p>Neben den beiden Judoeinheiten, wo vormittags der Fokus auf die Bodenarbeit und nachmittags auf die Standarbeit gelegt wurde, wurde auch Zeit gefunden, ein paar WM-K\u00e4mpfe der \u00d6sterreicher live mitzuverfolgen.<\/p>\n<p>Weiters wurde eine neue O\u00d6-Sch\u00fclerInnen-Rangliste pr\u00e4sentiert, wo Ende des Jahres der und die beste ober\u00f6sterreichische Nachwuchsk\u00e4mpferIn in den Altersklassen U14 und U16 gek\u00fcrt werden sollen.<\/p>\n<div id='gallery-1' class='gallery galleryid-1611 gallery-columns-3 gallery-size-thumbnail'><figure class='gallery-item'>\n\t\t\t<div class='gallery-icon landscape'>\n\t\t\t\t<a href='https:\/\/judo-ooelv.at\/wp-content\/uploads\/2018\/09\/1-1.jpg'><img width=\"150\" height=\"150\" src=\"https:\/\/judo-ooelv.at\/wp-content\/uploads\/2018\/09\/1-1-150x150.jpg\" class=\"attachment-thumbnail size-thumbnail\" alt=\"\" decoding=\"async\" loading=\"lazy\" srcset=\"https:\/\/judo-ooelv.at\/wp-content\/uploads\/2018\/09\/1-1-150x150.jpg 150w, https:\/\/judo-ooelv.at\/wp-content\/uploads\/2018\/09\/1-1-200x200.jpg 200w\" sizes=\"(max-width: 150px) 100vw, 150px\" \/><\/a>\n\t\t\t<\/div><\/figure><figure class='gallery-item'>\n\t\t\t<div class='gallery-icon landscape'>\n\t\t\t\t<a href='https:\/\/judo-ooelv.at\/wp-content\/uploads\/2018\/09\/DnxDtXKXUAEWYWt.jpg'><img width=\"150\" height=\"150\" src=\"https:\/\/judo-ooelv.at\/wp-content\/uploads\/2018\/09\/DnxDtXKXUAEWYWt-150x150.jpg\" class=\"attachment-thumbnail size-thumbnail\" alt=\"\" decoding=\"async\" loading=\"lazy\" srcset=\"https:\/\/judo-ooelv.at\/wp-content\/uploads\/2018\/09\/DnxDtXKXUAEWYWt-150x150.jpg 150w, https:\/\/judo-ooelv.at\/wp-content\/uploads\/2018\/09\/DnxDtXKXUAEWYWt-200x200.jpg 200w\" sizes=\"(max-width: 150px) 100vw, 150px\" \/><\/a>\n\t\t\t<\/div><\/figure><figure class='gallery-item'>\n\t\t\t<div class='gallery-icon landscape'>\n\t\t\t\t<a href='https:\/\/judo-ooelv.at\/wp-content\/uploads\/2018\/09\/5.jpg'><img width=\"150\" height=\"150\" src=\"https:\/\/judo-ooelv.at\/wp-content\/uploads\/2018\/09\/5-150x150.jpg\" class=\"attachment-thumbnail size-thumbnail\" alt=\"\" decoding=\"async\" loading=\"lazy\" srcset=\"https:\/\/judo-ooelv.at\/wp-content\/uploads\/2018\/09\/5-150x150.jpg 150w, https:\/\/judo-ooelv.at\/wp-content\/uploads\/2018\/09\/5-200x200.jpg 200w\" sizes=\"(max-width: 150px) 100vw, 150px\" \/><\/a>\n\t\t\t<\/div><\/figure><figure class='gallery-item'>\n\t\t\t<div class='gallery-icon landscape'>\n\t\t\t\t<a href='https:\/\/judo-ooelv.at\/wp-content\/uploads\/2018\/09\/4.jpg'><img width=\"150\" height=\"150\" src=\"https:\/\/judo-ooelv.at\/wp-content\/uploads\/2018\/09\/4-150x150.jpg\" class=\"attachment-thumbnail size-thumbnail\" alt=\"\" decoding=\"async\" loading=\"lazy\" srcset=\"https:\/\/judo-ooelv.at\/wp-content\/uploads\/2018\/09\/4-150x150.jpg 150w, https:\/\/judo-ooelv.at\/wp-content\/uploads\/2018\/09\/4-200x200.jpg 200w\" sizes=\"(max-width: 150px) 100vw, 150px\" \/><\/a>\n\t\t\t<\/div><\/figure><figure class='gallery-item'>\n\t\t\t<div class='gallery-icon landscape'>\n\t\t\t\t<a href='https:\/\/judo-ooelv.at\/wp-content\/uploads\/2018\/09\/3.jpg'><img width=\"150\" height=\"150\" src=\"https:\/\/judo-ooelv.at\/wp-content\/uploads\/2018\/09\/3-150x150.jpg\" class=\"attachment-thumbnail size-thumbnail\" alt=\"\" decoding=\"async\" loading=\"lazy\" srcset=\"https:\/\/judo-ooelv.at\/wp-content\/uploads\/2018\/09\/3-150x150.jpg 150w, https:\/\/judo-ooelv.at\/wp-content\/uploads\/2018\/09\/3-200x200.jpg 200w\" sizes=\"(max-width: 150px) 100vw, 150px\" \/><\/a>\n\t\t\t<\/div><\/figure><figure class='gallery-item'>\n\t\t\t<div class='gallery-icon landscape'>\n\t\t\t\t<a href='https:\/\/judo-ooelv.at\/wp-content\/uploads\/2018\/09\/2.jpg'><img width=\"150\" height=\"150\" src=\"https:\/\/judo-ooelv.at\/wp-content\/uploads\/2018\/09\/2-150x150.jpg\" class=\"attachment-thumbnail size-thumbnail\" alt=\"\" decoding=\"async\" loading=\"lazy\" srcset=\"https:\/\/judo-ooelv.at\/wp-content\/uploads\/2018\/09\/2-150x150.jpg 150w, https:\/\/judo-ooelv.at\/wp-content\/uploads\/2018\/09\/2-200x200.jpg 200w\" sizes=\"(max-width: 150px) 100vw, 150px\" \/><\/a>\n\t\t\t<\/div><\/figure>\n\t\t<\/div>\n\n<p>Link zum Fotoalbum (von Johannes Bachler \u2013 LZ Multikraft Wels): <a href=\"https:\/\/www.flickr.com\/photos\/147421380@N02\/sets\/72157701641751695\">https:\/\/www.flickr.com\/photos\/147421380@N02\/sets\/72157701641751695<\/a><\/p>\n","protected":false},"excerpt":{"rendered":"<p>Am Samstag, 22. September\u00a0trafen sich 88 motivierte Sch\u00fclerInnen aus 12 Vereinen im Judozentrum am Landessportzentrum&#8230;<\/p>\n","protected":false},"author":4,"featured_media":1614,"comment_status":"closed","ping_status":"closed","sticky":false,"template":"","format":"standard","meta":{"_cbd_carousel_blocks":"[]","jetpack_publicize_message":"","jetpack_is_tweetstorm":false,"jetpack_publicize_feature_enabled":true,"jetpack_social_post_already_shared":false,"jetpack_social_options":{"image_generator_settings":{"template":"highway","enabled":false}}},"categories":[1],"tags":[],"jetpack_publicize_connections":[],"jetpack_featured_media_url":"https:\/\/judo-ooelv.at\/wp-content\/uploads\/2018\/09\/5.jpg","_links":{"self":[{"href":"https:\/\/judo-ooelv.at\/index.php?rest_route=\/wp\/v2\/posts\/1611"}],"collection":[{"href":"https:\/\/judo-ooelv.at\/index.php?rest_route=\/wp\/v2\/posts"}],"about":[{"href":"https:\/\/judo-ooelv.at\/index.php?rest_route=\/wp\/v2\/types\/post"}],"author":[{"embeddable":true,"href":"https:\/\/judo-ooelv.at\/index.php?rest_route=\/wp\/v2\/users\/4"}],"replies":[{"embeddable":true,"href":"https:\/\/judo-ooelv.at\/index.php?rest_route=%2Fwp%2Fv2%2Fcomments&post=1611"}],"version-history":[{"count":2,"href":"https:\/\/judo-ooelv.at\/index.php?rest_route=\/wp\/v2\/posts\/1611\/revisions"}],"predecessor-version":[{"id":1619,"href":"https:\/\/judo-ooelv.at\/index.php?rest_route=\/wp\/v2\/posts\/1611\/revisions\/1619"}],"wp:featuredmedia":[{"embeddable":true,"href":"https:\/\/judo-ooelv.at\/index.php?rest_route=\/wp\/v2\/media\/1614"}],"wp:attachment":[{"href":"https:\/\/judo-ooelv.at\/index.php?rest_route=%2Fwp%2Fv2%2Fmedia&parent=1611"}],"wp:term":[{"taxonomy":"category","embeddable":true,"href":"https:\/\/judo-ooelv.at\/index.php?rest_route=%2Fwp%2Fv2%2Fcategories&post=1611"},{"taxonomy":"post_tag","embeddable":true,"href":"https:\/\/judo-ooelv.at\/index.php?rest_route=%2Fwp%2Fv2%2Ftags&post=1611"}],"curies":[{"name":"wp","href":"https:\/\/api.w.org\/{rel}","templated":true}]}}