{"id":1659,"date":"2018-10-15T06:34:53","date_gmt":"2018-10-15T04:34:53","guid":{"rendered":"https:\/\/judo-ooelv.at\/?p=1659"},"modified":"2018-10-15T06:34:53","modified_gmt":"2018-10-15T04:34:53","slug":"bronze-fuer-daniel-allerstorfer-beim-grand-prix-in-cancun","status":"publish","type":"post","link":"https:\/\/judo-ooelv.at\/?p=1659","title":{"rendered":"Bronze f\u00fcr Daniel Allerstorfer beim Grand Prix in Cancun"},"content":{"rendered":"<p>Sehr erfolgreich war der Mexico-Ausflug f\u00fcr das Rot-Weiss-Rote Team. Am letzten Wettkampftag trumpften die M\u00e4nner richtig auf. Aus ober\u00f6sterreichischer Sicht sorgte Daniel Allerstorfer (UJZ) in der +100 kg mit seiner Bronzemedaille f\u00fcr das Topresultat. Nach seinem Auftaktsieg vs den Lokalmatador CUEVAS (MEX) mu\u00dfte er sich dem Olympiasieger KRPALEK (CZE) nach sehr beherztem Kampf geschlagen geben. In der Hoffnungsrunde fertigte er sehr souver\u00e4n ISQUIERDO (BRA) mit Ippon f\u00fcr Soto-Maki-Komi und anschlie\u00dfend Osae-Komi ab. Um Bronze stand Dani dann kein geringerer als der Vizeweltmeister von 2017 MOURA (BRA) gegen\u00fcber. Auch hier lie\u00df er von Beginn an keinen Zweifel an seinem Siegeswillen aufkommen. Schlie\u00dflich gelang im der 2. Sukashi-Versuch mit Ippon als Belohnung!! Damit konnte er seine weitere Leistungssteigerung nach der langen Verletzungspause und dem 3.Platz beim EC in Bratislava nachweisen. Alles in Allem ein gelungenes Come back in der Weltspitze! Gratulation!!<\/p>\n<p>&nbsp;<\/p>\n<p>In der Klasse -100 kg konnten Laurin B\u00f6hler mit Silber und Aron Fara mit ebenfalls Bronze genauso \u00fcberzeugen. Sabrina Filzmoser besiegte am 1. WK-Tag zun\u00e4chst DZHIGAROS (RUS) mit Ippon und unterlag dann in Runde 2 vs OHAI (ROU). Und nachdem am 2. WK-Tag die Damen mit 2x Gold durch Magda Krssakova -63 kg und Michaela Polleres -70 kg erk\u00e4mpfen konnten, belegte \u00d6sterreich hinter RUS Platz 2 in der Nationenwertung. Das gewinnt auch schon dadurch an Stellenwert, da u.a. Brasilien und Cuba mit der 1. Garnitur am Start waren.<\/p>\n<p><img decoding=\"async\" loading=\"lazy\" class=\"alignnone size-medium wp-image-1661\" src=\"https:\/\/judo-ooelv.at\/wp-content\/uploads\/2018\/10\/Dani-Cancun2-002-225x300.jpg\" alt=\"\" width=\"225\" height=\"300\" srcset=\"https:\/\/judo-ooelv.at\/wp-content\/uploads\/2018\/10\/Dani-Cancun2-002-225x300.jpg 225w, https:\/\/judo-ooelv.at\/wp-content\/uploads\/2018\/10\/Dani-Cancun2-002-768x1022.jpg 768w, https:\/\/judo-ooelv.at\/wp-content\/uploads\/2018\/10\/Dani-Cancun2-002-769x1024.jpg 769w, https:\/\/judo-ooelv.at\/wp-content\/uploads\/2018\/10\/Dani-Cancun2-002.jpg 1202w\" sizes=\"(max-width: 225px) 100vw, 225px\" \/><\/p>\n","protected":false},"excerpt":{"rendered":"<p>Sehr erfolgreich war der Mexico-Ausflug f\u00fcr das Rot-Weiss-Rote Team. Am letzten Wettkampftag trumpften die M\u00e4nner&#8230;<\/p>\n","protected":false},"author":9,"featured_media":1660,"comment_status":"closed","ping_status":"closed","sticky":false,"template":"","format":"standard","meta":{"_cbd_carousel_blocks":"[]","jetpack_publicize_message":"","jetpack_is_tweetstorm":false,"jetpack_publicize_feature_enabled":true,"jetpack_social_post_already_shared":false,"jetpack_social_options":{"image_generator_settings":{"template":"highway","enabled":false}}},"categories":[1],"tags":[],"jetpack_publicize_connections":[],"jetpack_featured_media_url":"https:\/\/judo-ooelv.at\/wp-content\/uploads\/2018\/10\/Dani-Cancun-002.jpg","_links":{"self":[{"href":"https:\/\/judo-ooelv.at\/index.php?rest_route=\/wp\/v2\/posts\/1659"}],"collection":[{"href":"https:\/\/judo-ooelv.at\/index.php?rest_route=\/wp\/v2\/posts"}],"about":[{"href":"https:\/\/judo-ooelv.at\/index.php?rest_route=\/wp\/v2\/types\/post"}],"author":[{"embeddable":true,"href":"https:\/\/judo-ooelv.at\/index.php?rest_route=\/wp\/v2\/users\/9"}],"replies":[{"embeddable":true,"href":"https:\/\/judo-ooelv.at\/index.php?rest_route=%2Fwp%2Fv2%2Fcomments&post=1659"}],"version-history":[{"count":1,"href":"https:\/\/judo-ooelv.at\/index.php?rest_route=\/wp\/v2\/posts\/1659\/revisions"}],"predecessor-version":[{"id":1662,"href":"https:\/\/judo-ooelv.at\/index.php?rest_route=\/wp\/v2\/posts\/1659\/revisions\/1662"}],"wp:featuredmedia":[{"embeddable":true,"href":"https:\/\/judo-ooelv.at\/index.php?rest_route=\/wp\/v2\/media\/1660"}],"wp:attachment":[{"href":"https:\/\/judo-ooelv.at\/index.php?rest_route=%2Fwp%2Fv2%2Fmedia&parent=1659"}],"wp:term":[{"taxonomy":"category","embeddable":true,"href":"https:\/\/judo-ooelv.at\/index.php?rest_route=%2Fwp%2Fv2%2Fcategories&post=1659"},{"taxonomy":"post_tag","embeddable":true,"href":"https:\/\/judo-ooelv.at\/index.php?rest_route=%2Fwp%2Fv2%2Ftags&post=1659"}],"curies":[{"name":"wp","href":"https:\/\/api.w.org\/{rel}","templated":true}]}}