{"id":1734,"date":"2018-11-12T16:53:00","date_gmt":"2018-11-12T15:53:00","guid":{"rendered":"https:\/\/judo-ooelv.at\/?p=1734"},"modified":"2018-11-12T16:53:00","modified_gmt":"2018-11-12T15:53:00","slug":"grosser-tag-fuer-apperaustria-in-galanta","status":"publish","type":"post","link":"https:\/\/judo-ooelv.at\/?p=1734","title":{"rendered":"GROSSER TAG F\u00dcR \u201eAPPERAUSTRIA\u201c IN GALANTA!"},"content":{"rendered":"<p>Um das Aufeinandertreffen ober\u00f6sterreichischer Sportler in der Vorrunde zu verhindern kooperierten das LV-Team sowie die angereisten O\u00d6-Vereine beim Internationalen Galanta Judo Cup dieses Wochenende und starteten gemeinsam unter einem Namen, n\u00e4mlich \u201eApperaustria\u201c. Die etwas kuriose Schreibweise von Seiten des Veranstalters konnte unsere ober\u00f6sterreichische Armada, bestehend aus gesamt 43 Judoka und einigen Betreuern, nicht hindern, die Mannschaftswertung mit 11x Gold, 10x Silber und 15x Bronze nach APPERAUSTRIA zu holen (<a href=\"https:\/\/www.judo.sk\/sites\/default\/files\/vysledky\/resultsga.pdf\" target=\"_blank\" rel=\"noopener\">Link zu den Ergebnissen<\/a>). \u201eDieses Turnier zeigt uns, dass wir in Ober\u00f6sterreich nicht nur vereinzelte, sondern eine breite Masse an starken Nachwuchs-Judoka haben, die allesamt gef\u00f6rdert geh\u00f6ren! Ebenso ist es sehr erfreulich zu sehen wie man in O\u00d6 zwischen LV und Vereinen zusammenarbeiten kann um gemeinsam aufzeigen zu k\u00f6nnen\u201c, zeigt sich LV-Sch\u00fcler-Referent Florian Doppelhammer sehr zufrieden.<\/p>\n<p>GRATULATION ZU DEN B\u00c4RENSTARKEN LEISTUNGEN!<\/p>\n<p>Ein gro\u00dfer Dank gilt an diesem Wochenende den mitgereisten Betreuern G\u00fcnther Brandtner, Lisa W\u00f6ss, und vor allem Judith Pisarova die uns als Organisatorin sowie Dolmetscherin zur Seite stand. Vielen Dank!<\/p>\n<p><img decoding=\"async\" loading=\"lazy\" class=\"alignnone size-large wp-image-1736\" src=\"https:\/\/judo-ooelv.at\/wp-content\/uploads\/2018\/11\/IMG-20181111-WA0006sdf-1024x768.jpg\" alt=\"\" width=\"1024\" height=\"768\" srcset=\"https:\/\/judo-ooelv.at\/wp-content\/uploads\/2018\/11\/IMG-20181111-WA0006sdf-1024x768.jpg 1024w, https:\/\/judo-ooelv.at\/wp-content\/uploads\/2018\/11\/IMG-20181111-WA0006sdf-300x225.jpg 300w, https:\/\/judo-ooelv.at\/wp-content\/uploads\/2018\/11\/IMG-20181111-WA0006sdf-768x576.jpg 768w, https:\/\/judo-ooelv.at\/wp-content\/uploads\/2018\/11\/IMG-20181111-WA0006sdf.jpg 1600w\" sizes=\"(max-width: 1024px) 100vw, 1024px\" \/><\/p>\n<p>&nbsp;<\/p>\n","protected":false},"excerpt":{"rendered":"<p>Um das Aufeinandertreffen ober\u00f6sterreichischer Sportler in der Vorrunde zu verhindern kooperierten das LV-Team sowie die&#8230;<\/p>\n","protected":false},"author":12,"featured_media":1735,"comment_status":"closed","ping_status":"closed","sticky":false,"template":"","format":"standard","meta":{"_cbd_carousel_blocks":"[]","jetpack_publicize_message":"","jetpack_is_tweetstorm":false,"jetpack_publicize_feature_enabled":true,"jetpack_social_post_already_shared":false,"jetpack_social_options":{"image_generator_settings":{"template":"highway","enabled":false}}},"categories":[1],"tags":[],"jetpack_publicize_connections":[],"jetpack_featured_media_url":"https:\/\/judo-ooelv.at\/wp-content\/uploads\/2018\/11\/IMG-20181111-WA0004asdfg.jpg","_links":{"self":[{"href":"https:\/\/judo-ooelv.at\/index.php?rest_route=\/wp\/v2\/posts\/1734"}],"collection":[{"href":"https:\/\/judo-ooelv.at\/index.php?rest_route=\/wp\/v2\/posts"}],"about":[{"href":"https:\/\/judo-ooelv.at\/index.php?rest_route=\/wp\/v2\/types\/post"}],"author":[{"embeddable":true,"href":"https:\/\/judo-ooelv.at\/index.php?rest_route=\/wp\/v2\/users\/12"}],"replies":[{"embeddable":true,"href":"https:\/\/judo-ooelv.at\/index.php?rest_route=%2Fwp%2Fv2%2Fcomments&post=1734"}],"version-history":[{"count":1,"href":"https:\/\/judo-ooelv.at\/index.php?rest_route=\/wp\/v2\/posts\/1734\/revisions"}],"predecessor-version":[{"id":1737,"href":"https:\/\/judo-ooelv.at\/index.php?rest_route=\/wp\/v2\/posts\/1734\/revisions\/1737"}],"wp:featuredmedia":[{"embeddable":true,"href":"https:\/\/judo-ooelv.at\/index.php?rest_route=\/wp\/v2\/media\/1735"}],"wp:attachment":[{"href":"https:\/\/judo-ooelv.at\/index.php?rest_route=%2Fwp%2Fv2%2Fmedia&parent=1734"}],"wp:term":[{"taxonomy":"category","embeddable":true,"href":"https:\/\/judo-ooelv.at\/index.php?rest_route=%2Fwp%2Fv2%2Fcategories&post=1734"},{"taxonomy":"post_tag","embeddable":true,"href":"https:\/\/judo-ooelv.at\/index.php?rest_route=%2Fwp%2Fv2%2Ftags&post=1734"}],"curies":[{"name":"wp","href":"https:\/\/api.w.org\/{rel}","templated":true}]}}