{"id":1787,"date":"2018-12-02T17:17:12","date_gmt":"2018-12-02T16:17:12","guid":{"rendered":"https:\/\/judo-ooelv.at\/?p=1787"},"modified":"2018-12-02T17:19:01","modified_gmt":"2018-12-02T16:19:01","slug":"schueler-innen-landeskadertraining-3","status":"publish","type":"post","link":"https:\/\/judo-ooelv.at\/?p=1787","title":{"rendered":"SCH\u00dcLER\/INNEN LANDESKADERTRAINING #3"},"content":{"rendered":"<div class=\"\" data-block=\"true\" data-editor=\"8nn1h\" data-offset-key=\"2mp1u-0-0\">\n<div class=\"_1mf _1mj\" data-offset-key=\"2mp1u-0-0\">Auch wenn einige unserer starken ober\u00f6sterreichischen Nachwuchsk\u00e4mpferInnen gestern noch erfolgreich bei der \u00d6sterreichischen Meisterschaft der Sch\u00fcler-Mannschaften in Klosterneuburg im Einsatz waren (Gratulation an dieser Stelle den UJZ-Burschen zum Titel, und den Welsern zum 2. Platz), wurde der erste Adventsonntag nicht daheim vorm Adventkranz, sondern beim letzten Sch\u00fclerInnen-Kadertraining 2018 in Linz verbracht.<\/div>\n<\/div>\n<div class=\"\" data-block=\"true\" data-editor=\"8nn1h\" data-offset-key=\"20uhk-0-0\">\n<div class=\"_1mf _1mj\" data-offset-key=\"20uhk-0-0\"><span data-offset-key=\"20uhk-0-0\">Dabei stand neben Technik-Inputs und hei\u00dfen Randoris, vor allem auch die Ehrung der erfolgreichsten SportlerInnen der vergangenen Saison am Programmpunkt. Die Top-10 der O\u00d6-Sch\u00fcler-Rangliste in den Altersklasse U14 und U16 bei M\u00e4dls und Burschen d\u00fcrfen sich dabei \u00fcber einen O\u00d6-Aufn\u00e4her freuen, die Sieger in der jeweiligen Kategorie bekamen vom LV-Ober\u00f6sterreich sogar einen Ippon-Gear-Judo-Gi als Geschenk. Die U14\/16-SiegerInnen:<\/span><\/div>\n<\/div>\n<div class=\"\" data-block=\"true\" data-editor=\"8nn1h\" data-offset-key=\"f6mpk-0-0\">\n<div class=\"_1mf _1mj\" data-offset-key=\"f6mpk-0-0\"><span data-offset-key=\"f6mpk-0-0\">-U14 M\u00e4dls: Emily Starzer und Carina Klaus-Sternwieser (beide <\/span><span class=\"_247o\" spellcheck=\"false\" data-offset-key=\"f6mpk-1-0\"><span data-offset-key=\"f6mpk-1-0\">ASK\u00d6 Reichraming Judo<\/span><\/span><span data-offset-key=\"f6mpk-2-0\">)<\/span><\/div>\n<\/div>\n<div class=\"\" data-block=\"true\" data-editor=\"8nn1h\" data-offset-key=\"c1p4f-0-0\">\n<div class=\"_1mf _1mj\" data-offset-key=\"c1p4f-0-0\"><span data-offset-key=\"c1p4f-0-0\">-U14 Burschen: Ronald Pr\u00f6ll (<\/span><span class=\"_247o\" spellcheck=\"false\" data-offset-key=\"c1p4f-1-0\"><span data-offset-key=\"c1p4f-1-0\">UJZ M\u00fchlviertel<\/span><\/span><span data-offset-key=\"c1p4f-2-0\">) und Magomerzujev Abdullah (<\/span><span class=\"_247o\" spellcheck=\"false\" data-offset-key=\"c1p4f-3-0\"><span data-offset-key=\"c1p4f-3-0\">LZ Multikraft Wels &#8211; Judo<\/span><\/span><span data-offset-key=\"c1p4f-4-0\">)<\/span><\/div>\n<\/div>\n<div class=\"\" data-block=\"true\" data-editor=\"8nn1h\" data-offset-key=\"7844m-0-0\">\n<div class=\"_1mf _1mj\" data-offset-key=\"7844m-0-0\"><span data-offset-key=\"7844m-0-0\">-U16 M\u00e4dls: Lilian Hutterer (<\/span><span class=\"_247o\" spellcheck=\"false\" data-offset-key=\"7844m-1-0\"><span data-offset-key=\"7844m-1-0\">Judo Union Dynamic One<\/span><\/span><span data-offset-key=\"7844m-2-0\">)<\/span><\/div>\n<\/div>\n<div class=\"\" data-block=\"true\" data-editor=\"8nn1h\" data-offset-key=\"589tr-0-0\">\n<div class=\"_1mf _1mj\" data-offset-key=\"589tr-0-0\"><span data-offset-key=\"589tr-0-0\">-U16 Burschen: Issa Naschcho (LZ Multikraft Wels)<\/span><\/div>\n<\/div>\n<div class=\"\" data-block=\"true\" data-editor=\"8nn1h\" data-offset-key=\"8r2be-0-0\">\n<div class=\"_1mf _1mj\" data-offset-key=\"8r2be-0-0\"><span data-offset-key=\"8r2be-0-0\">\u00a0<\/span><\/div>\n<\/div>\n<div class=\"\" data-block=\"true\" data-editor=\"8nn1h\" data-offset-key=\"e2ipr-0-0\">\n<div class=\"_1mf _1mj\" data-offset-key=\"e2ipr-0-0\"><span data-offset-key=\"e2ipr-0-0\">&#8222;GRATULATION an die K\u00e4mpferInnen und DANKE an den LV-O\u00d6 f\u00fcr die Finanzierung der Weihnachtsgeschenke, man hat gemerkt das sich die Kids gefreut haben, hoffentlich ist das wieder ein guter Ansporn f\u00fcr unseren Nachwuchs f\u00fcr die n\u00e4chste Saison. Ich m\u00f6chte mich f\u00fcr den tollen Herbst bei den Kids aber auch bei den Trainern und Betreuern bedanken, welche mich bei s\u00e4mtlichen Kaderma\u00dfnahmen immer tatkr\u00e4ftig unterst\u00fctzen&#8220;, freut sich LV-O\u00d6-Sch\u00fclerreferent <\/span><span class=\"_247o\" spellcheck=\"false\" data-offset-key=\"e2ipr-1-0\"><span data-offset-key=\"e2ipr-1-0\">Florian Doppelhammer<\/span><\/span><span data-offset-key=\"e2ipr-2-0\"> \u00fcber die tolle Resonanz!<\/span><\/div>\n<\/div>\n<div class=\"\" data-block=\"true\" data-editor=\"8nn1h\" data-offset-key=\"1857v-0-0\">\n<div class=\"_1mf _1mj\" data-offset-key=\"1857v-0-0\"><span data-offset-key=\"1857v-0-0\">\u00a0<\/span><\/div>\n<\/div>\n<div class=\"\" data-block=\"true\" data-editor=\"8nn1h\" data-offset-key=\"bq4gb-0-0\">\n<div class=\"_1mf _1mj\" data-offset-key=\"bq4gb-0-0\"><span data-offset-key=\"bq4gb-0-0\">Mit Hausaufgaben wurden die Kids nun in die vorweihnachtliche Zeit entlassen. Die n\u00e4chste wichtige Ma\u00dfnahme f\u00fcr alle O\u00d6-Sch\u00fclerInnen ist der Neujahrslehrgang Anfang 2019, oder f\u00fcr die J\u00fcngeren, der Union-Trainingslehrgang in Rohrbach zwischen Weihnachten und Silvester!<\/span><\/div>\n<\/div>\n<div class=\"\" data-block=\"true\" data-editor=\"8nn1h\" data-offset-key=\"8btcd-0-0\">\n<div class=\"_1mf _1mj\" data-offset-key=\"8btcd-0-0\"><span data-offset-key=\"8btcd-0-0\">\u00a0<\/span><\/div>\n<\/div>\n<div class=\"\" data-block=\"true\" data-editor=\"8nn1h\" data-offset-key=\"20f3b-0-0\">\n<div class=\"_1mf _1mj\" data-offset-key=\"20f3b-0-0\"><span data-offset-key=\"20f3b-0-0\">HERZLICHEN DANK f\u00fcr <a href=\"https:\/\/www.flickr.com\/photos\/147421380@N02\/albums\/72157676274440658\/with\/45419642024\/\" target=\"_blank\" rel=\"noopener\">die tollen Fotos<\/a> von <\/span><span class=\"_247o\" spellcheck=\"false\" data-offset-key=\"20f3b-1-0\"><span data-offset-key=\"20f3b-1-0\">Johannes Bachler<\/span><\/span><span data-offset-key=\"20f3b-2-0\"> (LZ Multikraft Wels)!<\/span><\/div>\n<\/div>\n","protected":false},"excerpt":{"rendered":"<p>Auch wenn einige unserer starken ober\u00f6sterreichischen Nachwuchsk\u00e4mpferInnen gestern noch erfolgreich bei der \u00d6sterreichischen Meisterschaft der&#8230;<\/p>\n","protected":false},"author":12,"featured_media":1788,"comment_status":"closed","ping_status":"closed","sticky":false,"template":"","format":"standard","meta":{"_cbd_carousel_blocks":"[]","jetpack_publicize_message":"","jetpack_is_tweetstorm":false,"jetpack_publicize_feature_enabled":true,"jetpack_social_post_already_shared":false,"jetpack_social_options":{"image_generator_settings":{"template":"highway","enabled":false}}},"categories":[1],"tags":[],"jetpack_publicize_connections":[],"jetpack_featured_media_url":"https:\/\/judo-ooelv.at\/wp-content\/uploads\/2018\/12\/45419642024_49240745f3_o.jpg","_links":{"self":[{"href":"https:\/\/judo-ooelv.at\/index.php?rest_route=\/wp\/v2\/posts\/1787"}],"collection":[{"href":"https:\/\/judo-ooelv.at\/index.php?rest_route=\/wp\/v2\/posts"}],"about":[{"href":"https:\/\/judo-ooelv.at\/index.php?rest_route=\/wp\/v2\/types\/post"}],"author":[{"embeddable":true,"href":"https:\/\/judo-ooelv.at\/index.php?rest_route=\/wp\/v2\/users\/12"}],"replies":[{"embeddable":true,"href":"https:\/\/judo-ooelv.at\/index.php?rest_route=%2Fwp%2Fv2%2Fcomments&post=1787"}],"version-history":[{"count":3,"href":"https:\/\/judo-ooelv.at\/index.php?rest_route=\/wp\/v2\/posts\/1787\/revisions"}],"predecessor-version":[{"id":1791,"href":"https:\/\/judo-ooelv.at\/index.php?rest_route=\/wp\/v2\/posts\/1787\/revisions\/1791"}],"wp:featuredmedia":[{"embeddable":true,"href":"https:\/\/judo-ooelv.at\/index.php?rest_route=\/wp\/v2\/media\/1788"}],"wp:attachment":[{"href":"https:\/\/judo-ooelv.at\/index.php?rest_route=%2Fwp%2Fv2%2Fmedia&parent=1787"}],"wp:term":[{"taxonomy":"category","embeddable":true,"href":"https:\/\/judo-ooelv.at\/index.php?rest_route=%2Fwp%2Fv2%2Fcategories&post=1787"},{"taxonomy":"post_tag","embeddable":true,"href":"https:\/\/judo-ooelv.at\/index.php?rest_route=%2Fwp%2Fv2%2Ftags&post=1787"}],"curies":[{"name":"wp","href":"https:\/\/api.w.org\/{rel}","templated":true}]}}