{"id":1794,"date":"2018-12-10T15:59:08","date_gmt":"2018-12-10T14:59:08","guid":{"rendered":"https:\/\/judo-ooelv.at\/?p=1794"},"modified":"2018-12-10T15:59:08","modified_gmt":"2018-12-10T14:59:08","slug":"neujahrskurs-2019-mit-joakim-dvaerby-aus-schweden","status":"publish","type":"post","link":"https:\/\/judo-ooelv.at\/?p=1794","title":{"rendered":"Neujahrskurs 2019 mit Joakim Dv\u00e4rby aus Schweden"},"content":{"rendered":"<p>Nachdem Miklos Ungvari letzten Donnerstag seine Zusage zur\u00fcck gezogen hat, er hat einen Auftritt in einer TV-Show erhalten, ist es uns gelungen einen neuen interessanten Gasttrainer zu gewinnen. Vielen Dank an dieser Stelle an Martin Schl\u00f6gl vom UJZ, der uns in diesem Fall unterst\u00fctzt hat! Joakim Dv\u00e4rby ist schwedischer Nationalk\u00e4mpfer und hat 10 Podestpl\u00e4tze auf der IJF-World-Tour auf seiner Habenseite! Er war auch 5. Platzierter der WM, Bronzemedaillengewinner der U23-EM und aktuell hat er noch einen 5.Platz beim Grand Slam in Osaka erreicht. Er ist also ein sehr erfolgreicher und sympathischer Spitzenjudoka, der ein interessantes Programm bieten wird!<\/p>\n","protected":false},"excerpt":{"rendered":"<p>Nachdem Miklos Ungvari letzten Donnerstag seine Zusage zur\u00fcck gezogen hat, er hat einen Auftritt in&#8230;<\/p>\n","protected":false},"author":9,"featured_media":1795,"comment_status":"closed","ping_status":"closed","sticky":false,"template":"","format":"standard","meta":{"_cbd_carousel_blocks":"[]","jetpack_publicize_message":"","jetpack_is_tweetstorm":false,"jetpack_publicize_feature_enabled":true,"jetpack_social_post_already_shared":false,"jetpack_social_options":{"image_generator_settings":{"template":"highway","enabled":false}}},"categories":[1],"tags":[],"jetpack_publicize_connections":[],"jetpack_featured_media_url":"https:\/\/judo-ooelv.at\/wp-content\/uploads\/2018\/12\/Dvarby.png","_links":{"self":[{"href":"https:\/\/judo-ooelv.at\/index.php?rest_route=\/wp\/v2\/posts\/1794"}],"collection":[{"href":"https:\/\/judo-ooelv.at\/index.php?rest_route=\/wp\/v2\/posts"}],"about":[{"href":"https:\/\/judo-ooelv.at\/index.php?rest_route=\/wp\/v2\/types\/post"}],"author":[{"embeddable":true,"href":"https:\/\/judo-ooelv.at\/index.php?rest_route=\/wp\/v2\/users\/9"}],"replies":[{"embeddable":true,"href":"https:\/\/judo-ooelv.at\/index.php?rest_route=%2Fwp%2Fv2%2Fcomments&post=1794"}],"version-history":[{"count":2,"href":"https:\/\/judo-ooelv.at\/index.php?rest_route=\/wp\/v2\/posts\/1794\/revisions"}],"predecessor-version":[{"id":1797,"href":"https:\/\/judo-ooelv.at\/index.php?rest_route=\/wp\/v2\/posts\/1794\/revisions\/1797"}],"wp:featuredmedia":[{"embeddable":true,"href":"https:\/\/judo-ooelv.at\/index.php?rest_route=\/wp\/v2\/media\/1795"}],"wp:attachment":[{"href":"https:\/\/judo-ooelv.at\/index.php?rest_route=%2Fwp%2Fv2%2Fmedia&parent=1794"}],"wp:term":[{"taxonomy":"category","embeddable":true,"href":"https:\/\/judo-ooelv.at\/index.php?rest_route=%2Fwp%2Fv2%2Fcategories&post=1794"},{"taxonomy":"post_tag","embeddable":true,"href":"https:\/\/judo-ooelv.at\/index.php?rest_route=%2Fwp%2Fv2%2Ftags&post=1794"}],"curies":[{"name":"wp","href":"https:\/\/api.w.org\/{rel}","templated":true}]}}