{"id":1799,"date":"2018-12-12T09:05:39","date_gmt":"2018-12-12T08:05:39","guid":{"rendered":"https:\/\/judo-ooelv.at\/?p=1799"},"modified":"2018-12-12T09:05:39","modified_gmt":"2018-12-12T08:05:39","slug":"weihnachtswuensche-3","status":"publish","type":"post","link":"https:\/\/judo-ooelv.at\/?p=1799","title":{"rendered":"WEIHNACHTSW\u00dcNSCHE"},"content":{"rendered":"<p style=\"text-align: center;\"><em>Liebe Judofreunde!<\/em><\/p>\n<p style=\"text-align: center;\">Weihnachtszeit ist Wunschzeit und auch ich m\u00f6chte W\u00fcnsche auf die Reise schicken. Ich w\u00fcnsche Euch etwas, was zu den wertvollsten Dingen im Leben geh\u00f6rt, ich w\u00fcnsche Euch Zeit.<br \/>\nZeit zur Besinnung, Zeit zum Gl\u00fccklichsein, Zeit zum Staunen und Erkennen. M\u00f6ge das Bewusstsein \u00fcber die Wertigkeit der uns Menschen zur Verf\u00fcgung stehender Zeit auf Erden, Dein treuer Begleiter sein.<\/p>\n<p><img decoding=\"async\" loading=\"lazy\" class=\"wp-image-1009 aligncenter\" src=\"https:\/\/judo-ooelv.at\/wp-content\/uploads\/2017\/11\/christmas_tree_decorated_christmas.jpg\" alt=\"\" width=\"636\" height=\"424\" srcset=\"https:\/\/judo-ooelv.at\/wp-content\/uploads\/2017\/11\/christmas_tree_decorated_christmas.jpg 2560w, https:\/\/judo-ooelv.at\/wp-content\/uploads\/2017\/11\/christmas_tree_decorated_christmas-300x200.jpg 300w, https:\/\/judo-ooelv.at\/wp-content\/uploads\/2017\/11\/christmas_tree_decorated_christmas-768x512.jpg 768w, https:\/\/judo-ooelv.at\/wp-content\/uploads\/2017\/11\/christmas_tree_decorated_christmas-1024x683.jpg 1024w\" sizes=\"(max-width: 636px) 100vw, 636px\" \/><\/p>\n<p style=\"text-align: center;\">In diesem Sinne bedanken wir uns f\u00fcr die gute Zusammenarbeit w\u00fcnschen<\/p>\n<p style=\"text-align: center;\">Euch Frohe Weihnachten, erholsame Feiertage,<\/p>\n<p style=\"text-align: center;\">viel Erfolg und ein gesundes neues Jahr 2019.<\/p>\n<p style=\"text-align: center;\"><strong>Gerald Eidenberger<\/strong><\/p>\n<p style=\"text-align: center;\"><strong>Pr\u00e4sident des O\u00d6. Judolandesverbandes<\/strong><\/p>\n<p style=\"text-align: center;\"><strong>Walter Hanl\u00a0\u00a0\u00a0\u00a0\u00a0\u00a0\u00a0\u00a0\u00a0\u00a0\u00a0\u00a0Gerhard \u00d6hlinger\u00a0\u00a0\u00a0\u00a0\u00a0\u00a0\u00a0\u00a0\u00a0 Manfred Reisinger<\/strong><\/p>\n<p style=\"text-align: center;\">Vizepr\u00e4sident\u00a0\u00a0\u00a0\u00a0\u00a0\u00a0\u00a0\u00a0\u00a0\u00a0 Technischer Direktor\u00a0\u00a0\u00a0\u00a0\u00a0\u00a0\u00a0\u00a0\u00a0\u00a0\u00a0 Vizepr\u00e4sident<\/p>\n","protected":false},"excerpt":{"rendered":"<p>Liebe Judofreunde! Weihnachtszeit ist Wunschzeit und auch ich m\u00f6chte W\u00fcnsche auf die Reise schicken. Ich&#8230;<\/p>\n","protected":false},"author":8,"featured_media":1800,"comment_status":"closed","ping_status":"closed","sticky":false,"template":"","format":"standard","meta":{"_cbd_carousel_blocks":"[]","jetpack_publicize_message":"","jetpack_is_tweetstorm":false,"jetpack_publicize_feature_enabled":true,"jetpack_social_post_already_shared":false,"jetpack_social_options":{"image_generator_settings":{"template":"highway","enabled":false}}},"categories":[1],"tags":[],"jetpack_publicize_connections":[],"jetpack_featured_media_url":"https:\/\/judo-ooelv.at\/wp-content\/uploads\/2018\/12\/Photo_1544103597584.jpg","_links":{"self":[{"href":"https:\/\/judo-ooelv.at\/index.php?rest_route=\/wp\/v2\/posts\/1799"}],"collection":[{"href":"https:\/\/judo-ooelv.at\/index.php?rest_route=\/wp\/v2\/posts"}],"about":[{"href":"https:\/\/judo-ooelv.at\/index.php?rest_route=\/wp\/v2\/types\/post"}],"author":[{"embeddable":true,"href":"https:\/\/judo-ooelv.at\/index.php?rest_route=\/wp\/v2\/users\/8"}],"replies":[{"embeddable":true,"href":"https:\/\/judo-ooelv.at\/index.php?rest_route=%2Fwp%2Fv2%2Fcomments&post=1799"}],"version-history":[{"count":1,"href":"https:\/\/judo-ooelv.at\/index.php?rest_route=\/wp\/v2\/posts\/1799\/revisions"}],"predecessor-version":[{"id":1801,"href":"https:\/\/judo-ooelv.at\/index.php?rest_route=\/wp\/v2\/posts\/1799\/revisions\/1801"}],"wp:featuredmedia":[{"embeddable":true,"href":"https:\/\/judo-ooelv.at\/index.php?rest_route=\/wp\/v2\/media\/1800"}],"wp:attachment":[{"href":"https:\/\/judo-ooelv.at\/index.php?rest_route=%2Fwp%2Fv2%2Fmedia&parent=1799"}],"wp:term":[{"taxonomy":"category","embeddable":true,"href":"https:\/\/judo-ooelv.at\/index.php?rest_route=%2Fwp%2Fv2%2Fcategories&post=1799"},{"taxonomy":"post_tag","embeddable":true,"href":"https:\/\/judo-ooelv.at\/index.php?rest_route=%2Fwp%2Fv2%2Ftags&post=1799"}],"curies":[{"name":"wp","href":"https:\/\/api.w.org\/{rel}","templated":true}]}}