{"id":1807,"date":"2018-12-19T08:03:37","date_gmt":"2018-12-19T07:03:37","guid":{"rendered":"https:\/\/judo-ooelv.at\/?p=1807"},"modified":"2018-12-19T08:06:04","modified_gmt":"2018-12-19T07:06:04","slug":"schmankerl-zum-jahresende-mit-felipe-kitadai-bra","status":"publish","type":"post","link":"https:\/\/judo-ooelv.at\/?p=1807","title":{"rendered":"Schmankerl zum Jahresende mit Felipe Kitadai (BRA)"},"content":{"rendered":"<p>Am 31.12. werden wir am Olympiazentrum ein Techniktraining mit dem brasilianischen Topathleten Felipe Kitadai anbieten. Er ist Gast des LZ Multikraft Wels. Da aber die Welser uns dankenswerter Weise ihre Mattenfl\u00e4che aus dem Budokan f\u00fcr den Neujahrskurs in Linz zur Verf\u00fcgung gestellt haben, und sie zu dem Zeitpunkt bereits in Linz ist, haben wir das Training auf die Gugl verlegt! Wir trainieren von <strong>09:30 bis 11:15 im Dojo des Olympiazentrums.<\/strong> Es sind alle interessierten Judoka ab U18 und \u00e4lter herzlichst eingeladen, das f\u00fcr unseren Landesverband sehr erfolgreiche Jahr 2018 mit so einem Topangebot sportlich abzuschlie\u00dfen!<\/p>\n","protected":false},"excerpt":{"rendered":"<p>Am 31.12. werden wir am Olympiazentrum ein Techniktraining mit dem brasilianischen Topathleten Felipe Kitadai anbieten&#8230;.<\/p>\n","protected":false},"author":9,"featured_media":1808,"comment_status":"closed","ping_status":"closed","sticky":false,"template":"","format":"standard","meta":{"_cbd_carousel_blocks":"[]","jetpack_publicize_message":"","jetpack_is_tweetstorm":false,"jetpack_publicize_feature_enabled":true,"jetpack_social_post_already_shared":false,"jetpack_social_options":{"image_generator_settings":{"template":"highway","enabled":false}}},"categories":[1],"tags":[],"jetpack_publicize_connections":[],"jetpack_featured_media_url":"https:\/\/judo-ooelv.at\/wp-content\/uploads\/2018\/12\/Kitadai.jpg","_links":{"self":[{"href":"https:\/\/judo-ooelv.at\/index.php?rest_route=\/wp\/v2\/posts\/1807"}],"collection":[{"href":"https:\/\/judo-ooelv.at\/index.php?rest_route=\/wp\/v2\/posts"}],"about":[{"href":"https:\/\/judo-ooelv.at\/index.php?rest_route=\/wp\/v2\/types\/post"}],"author":[{"embeddable":true,"href":"https:\/\/judo-ooelv.at\/index.php?rest_route=\/wp\/v2\/users\/9"}],"replies":[{"embeddable":true,"href":"https:\/\/judo-ooelv.at\/index.php?rest_route=%2Fwp%2Fv2%2Fcomments&post=1807"}],"version-history":[{"count":2,"href":"https:\/\/judo-ooelv.at\/index.php?rest_route=\/wp\/v2\/posts\/1807\/revisions"}],"predecessor-version":[{"id":1810,"href":"https:\/\/judo-ooelv.at\/index.php?rest_route=\/wp\/v2\/posts\/1807\/revisions\/1810"}],"wp:featuredmedia":[{"embeddable":true,"href":"https:\/\/judo-ooelv.at\/index.php?rest_route=\/wp\/v2\/media\/1808"}],"wp:attachment":[{"href":"https:\/\/judo-ooelv.at\/index.php?rest_route=%2Fwp%2Fv2%2Fmedia&parent=1807"}],"wp:term":[{"taxonomy":"category","embeddable":true,"href":"https:\/\/judo-ooelv.at\/index.php?rest_route=%2Fwp%2Fv2%2Fcategories&post=1807"},{"taxonomy":"post_tag","embeddable":true,"href":"https:\/\/judo-ooelv.at\/index.php?rest_route=%2Fwp%2Fv2%2Ftags&post=1807"}],"curies":[{"name":"wp","href":"https:\/\/api.w.org\/{rel}","templated":true}]}}