{"id":1858,"date":"2019-01-27T11:12:32","date_gmt":"2019-01-27T10:12:32","guid":{"rendered":"https:\/\/judo-ooelv.at\/?p=1858"},"modified":"2019-01-28T16:51:02","modified_gmt":"2019-01-28T15:51:02","slug":"oem-u23","status":"publish","type":"post","link":"https:\/\/judo-ooelv.at\/?p=1858","title":{"rendered":"\u00d6M U23"},"content":{"rendered":"<p>\u00d6M U23 Klagenfurt<\/p>\n<p>Auch der zweite Tag der \u00d6M in Klagenfurt war ein voller Erfolg f\u00fcr Ober\u00f6sterreich! Die Sportler des Talentezentrums O\u00d6 erk\u00e4mpften gleich 4 Goldmedaillen: -60 kg Daniel Leutgeb (ASK\u00d6 Reichraming);\u00a0 -66 kg Mario Wiesinger (UJZ); -73 kg Wachid Borchaschvili und -63 kg Rosalie W\u00f6ss (ASK\u00d6 Reichraming)<\/p>\n<p>Kompletiert wurde die Ausbeute noch durch weitere 6 Bronzemedaillen!<\/p>\n<p>Das bedeutete auch heute wieder Platz 1 in der L\u00e4nderwertung vor Wien und Salzburg!<\/p>\n<p>Gratulation an alle Sportler und Vereine zu diesem erfolgreichen Wochenende!!!<\/p>\n<p><a href=\"https:\/\/www.oejv.com\/wp-content\/uploads\/2019\/01\/%C3%96M-U23-Results_komplett_kl.pdf\" target=\"_blank\" rel=\"noopener\">Ergebnisse<\/a><\/p>\n","protected":false},"excerpt":{"rendered":"<p>\u00d6M U23 Klagenfurt Auch der zweite Tag der \u00d6M in Klagenfurt war ein voller Erfolg&#8230;<\/p>\n","protected":false},"author":7,"featured_media":1861,"comment_status":"closed","ping_status":"closed","sticky":false,"template":"","format":"standard","meta":{"_cbd_carousel_blocks":"[]","jetpack_publicize_message":"","jetpack_is_tweetstorm":false,"jetpack_publicize_feature_enabled":true,"jetpack_social_post_already_shared":false,"jetpack_social_options":{"image_generator_settings":{"template":"highway","enabled":false}}},"categories":[1],"tags":[],"jetpack_publicize_connections":[],"jetpack_featured_media_url":"https:\/\/judo-ooelv.at\/wp-content\/uploads\/2019\/01\/OS5_0252.jpg","_links":{"self":[{"href":"https:\/\/judo-ooelv.at\/index.php?rest_route=\/wp\/v2\/posts\/1858"}],"collection":[{"href":"https:\/\/judo-ooelv.at\/index.php?rest_route=\/wp\/v2\/posts"}],"about":[{"href":"https:\/\/judo-ooelv.at\/index.php?rest_route=\/wp\/v2\/types\/post"}],"author":[{"embeddable":true,"href":"https:\/\/judo-ooelv.at\/index.php?rest_route=\/wp\/v2\/users\/7"}],"replies":[{"embeddable":true,"href":"https:\/\/judo-ooelv.at\/index.php?rest_route=%2Fwp%2Fv2%2Fcomments&post=1858"}],"version-history":[{"count":5,"href":"https:\/\/judo-ooelv.at\/index.php?rest_route=\/wp\/v2\/posts\/1858\/revisions"}],"predecessor-version":[{"id":1876,"href":"https:\/\/judo-ooelv.at\/index.php?rest_route=\/wp\/v2\/posts\/1858\/revisions\/1876"}],"wp:featuredmedia":[{"embeddable":true,"href":"https:\/\/judo-ooelv.at\/index.php?rest_route=\/wp\/v2\/media\/1861"}],"wp:attachment":[{"href":"https:\/\/judo-ooelv.at\/index.php?rest_route=%2Fwp%2Fv2%2Fmedia&parent=1858"}],"wp:term":[{"taxonomy":"category","embeddable":true,"href":"https:\/\/judo-ooelv.at\/index.php?rest_route=%2Fwp%2Fv2%2Fcategories&post=1858"},{"taxonomy":"post_tag","embeddable":true,"href":"https:\/\/judo-ooelv.at\/index.php?rest_route=%2Fwp%2Fv2%2Ftags&post=1858"}],"curies":[{"name":"wp","href":"https:\/\/api.w.org\/{rel}","templated":true}]}}