{"id":1896,"date":"2019-02-02T11:09:46","date_gmt":"2019-02-02T10:09:46","guid":{"rendered":"https:\/\/judo-ooelv.at\/?p=1896"},"modified":"2019-02-10T08:57:29","modified_gmt":"2019-02-10T07:57:29","slug":"ooe-kapfrichterkurs","status":"publish","type":"post","link":"https:\/\/judo-ooelv.at\/?p=1896","title":{"rendered":"O\u00d6. Kampfrichterkurs in Pasching"},"content":{"rendered":"<p>Der O\u00d6. Judolandesverband veranstaltete in der Zeit vom 01.02.2019 &#8211; 02.02.2019 seinen Kampfrichterkurs in Pasching.<\/p>\n<p>Es wurden die neuen Kampfrichterregeln und Sch\u00fclerregeln mit IJF-Kampfricher A Roland Poiger durchbesprochen.<\/p>\n<p>Weiters waren mit Landestrainer Klaus Peter Stollberg, \u00d6hlinger Gerhard, Walter Hanl und Reisinger Manfred anwesend.<\/p>\n<p>Begr\u00fc\u00dfen m\u00f6chten wir als neue Kampfrichter f\u00fcr Ober\u00f6sterreich Martin Stump ( ASK\u00d6 Leonding ) und Hossi Meknatgoo ( Passau ) wir w\u00fcnschen Euch viel Spass in unserer Runde.<\/p>\n","protected":false},"excerpt":{"rendered":"<p>Der O\u00d6. Judolandesverband veranstaltete in der Zeit vom 01.02.2019 &#8211; 02.02.2019 seinen Kampfrichterkurs in Pasching&#8230;.<\/p>\n","protected":false},"author":8,"featured_media":1970,"comment_status":"closed","ping_status":"closed","sticky":false,"template":"","format":"standard","meta":{"_cbd_carousel_blocks":"[]","jetpack_publicize_message":"","jetpack_is_tweetstorm":false,"jetpack_publicize_feature_enabled":true,"jetpack_social_post_already_shared":false,"jetpack_social_options":{"image_generator_settings":{"template":"highway","enabled":false}}},"categories":[1],"tags":[],"jetpack_publicize_connections":[],"jetpack_featured_media_url":"https:\/\/judo-ooelv.at\/wp-content\/uploads\/2019\/02\/IMG_0187_a.jpg","_links":{"self":[{"href":"https:\/\/judo-ooelv.at\/index.php?rest_route=\/wp\/v2\/posts\/1896"}],"collection":[{"href":"https:\/\/judo-ooelv.at\/index.php?rest_route=\/wp\/v2\/posts"}],"about":[{"href":"https:\/\/judo-ooelv.at\/index.php?rest_route=\/wp\/v2\/types\/post"}],"author":[{"embeddable":true,"href":"https:\/\/judo-ooelv.at\/index.php?rest_route=\/wp\/v2\/users\/8"}],"replies":[{"embeddable":true,"href":"https:\/\/judo-ooelv.at\/index.php?rest_route=%2Fwp%2Fv2%2Fcomments&post=1896"}],"version-history":[{"count":3,"href":"https:\/\/judo-ooelv.at\/index.php?rest_route=\/wp\/v2\/posts\/1896\/revisions"}],"predecessor-version":[{"id":1903,"href":"https:\/\/judo-ooelv.at\/index.php?rest_route=\/wp\/v2\/posts\/1896\/revisions\/1903"}],"wp:featuredmedia":[{"embeddable":true,"href":"https:\/\/judo-ooelv.at\/index.php?rest_route=\/wp\/v2\/media\/1970"}],"wp:attachment":[{"href":"https:\/\/judo-ooelv.at\/index.php?rest_route=%2Fwp%2Fv2%2Fmedia&parent=1896"}],"wp:term":[{"taxonomy":"category","embeddable":true,"href":"https:\/\/judo-ooelv.at\/index.php?rest_route=%2Fwp%2Fv2%2Fcategories&post=1896"},{"taxonomy":"post_tag","embeddable":true,"href":"https:\/\/judo-ooelv.at\/index.php?rest_route=%2Fwp%2Fv2%2Ftags&post=1896"}],"curies":[{"name":"wp","href":"https:\/\/api.w.org\/{rel}","templated":true}]}}