{"id":1908,"date":"2019-02-04T07:04:25","date_gmt":"2019-02-04T06:04:25","guid":{"rendered":"https:\/\/judo-ooelv.at\/?p=1908"},"modified":"2019-02-04T07:04:25","modified_gmt":"2019-02-04T06:04:25","slug":"ooe-hat-23-neue-dan-traeger","status":"publish","type":"post","link":"https:\/\/judo-ooelv.at\/?p=1908","title":{"rendered":"O\u00d6 hat 23 neue Dan-Tr\u00e4ger!"},"content":{"rendered":"<p><span lang=\"DE-AT\"><span style=\"color: #000000; font-family: Verdana;\">Bei der am 3.2.2019 in Niederwaldkirchen stattgefundenen Dan-Pr\u00fcfung wurden 23 neue\u00a0\u00a0\u00a0\u00a0\u00a0\u00a0\u00a0\u00a0\u00a0\u00a0\u00a0\u00a0\u00a0\u00a0\u00a0\u00a0 O\u00d6. Dan-Tr\u00e4ger ausgezeichnet. Von insgesamt 32 Startern aus 3 Landesverb\u00e4nden haben die Judoka durchwegs gute Technik-Demonstrationen gezeigt.<\/span><\/span><\/p>\n<p><span lang=\"DE-AT\"><span style=\"color: #000000; font-family: Verdana;\">Davon sind 2 neue 3.Dan-Graduierungen, 3 neue 2.Dan-Graduierungen und 18 neue 1.Dan-Graduierungen vergeben worden.<\/span><\/span><\/p>\n<p><span lang=\"DE-AT\"><span style=\"color: #000000; font-family: Verdana;\">Auch die Abhaltung nach dem neuen Pr\u00fcfungsprogramm hatte keine wesentliche Beeintr\u00e4chtigung der gezeigten Leistungen gebracht.<\/span><\/span><\/p>\n<p><span lang=\"DE-AT\"><span style=\"color: #000000; font-family: Verdana;\">\u00a0<\/span><\/span><span lang=\"DE-AT\"><span style=\"color: #000000; font-family: Verdana;\">Dietmar Grasl<\/span><\/span><\/p>\n<p>&nbsp;<\/p>\n","protected":false},"excerpt":{"rendered":"<p>Bei der am 3.2.2019 in Niederwaldkirchen stattgefundenen Dan-Pr\u00fcfung wurden 23 neue\u00a0\u00a0\u00a0\u00a0\u00a0\u00a0\u00a0\u00a0\u00a0\u00a0\u00a0\u00a0\u00a0\u00a0\u00a0\u00a0 O\u00d6. Dan-Tr\u00e4ger ausgezeichnet. Von&#8230;<\/p>\n","protected":false},"author":8,"featured_media":1909,"comment_status":"closed","ping_status":"closed","sticky":false,"template":"","format":"standard","meta":{"_cbd_carousel_blocks":"[]","jetpack_publicize_message":"","jetpack_is_tweetstorm":false,"jetpack_publicize_feature_enabled":true,"jetpack_social_post_already_shared":false,"jetpack_social_options":{"image_generator_settings":{"template":"highway","enabled":false}}},"categories":[1],"tags":[],"jetpack_publicize_connections":[],"jetpack_featured_media_url":"https:\/\/judo-ooelv.at\/wp-content\/uploads\/2019\/02\/IMG-20190203-WA0004.jpg","_links":{"self":[{"href":"https:\/\/judo-ooelv.at\/index.php?rest_route=\/wp\/v2\/posts\/1908"}],"collection":[{"href":"https:\/\/judo-ooelv.at\/index.php?rest_route=\/wp\/v2\/posts"}],"about":[{"href":"https:\/\/judo-ooelv.at\/index.php?rest_route=\/wp\/v2\/types\/post"}],"author":[{"embeddable":true,"href":"https:\/\/judo-ooelv.at\/index.php?rest_route=\/wp\/v2\/users\/8"}],"replies":[{"embeddable":true,"href":"https:\/\/judo-ooelv.at\/index.php?rest_route=%2Fwp%2Fv2%2Fcomments&post=1908"}],"version-history":[{"count":1,"href":"https:\/\/judo-ooelv.at\/index.php?rest_route=\/wp\/v2\/posts\/1908\/revisions"}],"predecessor-version":[{"id":1910,"href":"https:\/\/judo-ooelv.at\/index.php?rest_route=\/wp\/v2\/posts\/1908\/revisions\/1910"}],"wp:featuredmedia":[{"embeddable":true,"href":"https:\/\/judo-ooelv.at\/index.php?rest_route=\/wp\/v2\/media\/1909"}],"wp:attachment":[{"href":"https:\/\/judo-ooelv.at\/index.php?rest_route=%2Fwp%2Fv2%2Fmedia&parent=1908"}],"wp:term":[{"taxonomy":"category","embeddable":true,"href":"https:\/\/judo-ooelv.at\/index.php?rest_route=%2Fwp%2Fv2%2Fcategories&post=1908"},{"taxonomy":"post_tag","embeddable":true,"href":"https:\/\/judo-ooelv.at\/index.php?rest_route=%2Fwp%2Fv2%2Ftags&post=1908"}],"curies":[{"name":"wp","href":"https:\/\/api.w.org\/{rel}","templated":true}]}}