{"id":1984,"date":"2019-02-17T16:33:30","date_gmt":"2019-02-17T15:33:30","guid":{"rendered":"https:\/\/judo-ooelv.at\/?p=1984"},"modified":"2019-02-17T16:35:58","modified_gmt":"2019-02-17T15:35:58","slug":"team-uppperaustria-wieder-on-top-in-der-slowakei","status":"publish","type":"post","link":"https:\/\/judo-ooelv.at\/?p=1984","title":{"rendered":"&#8222;TEAM UPPPERAUSTRIA&#8220; WIEDER ON TOP IN DER SLOWAKEI!"},"content":{"rendered":"<p>In blendender Form pr\u00e4sentierte sich die ober\u00f6sterreichische Auswahl beim Grand Prix in Banska Bystrica (SVK). Mit 8x Gold, 4x Silber, und 8x Bronze, konnte das (inklusive Betreuerteam) 43-k\u00f6pfige O\u00d6-Team ein weiteres Mal die Medaillenwertung bei einem Auslandsturnier nach Hause bringen. Sieger der Herzen war sicherlich der Reichraminger K\u00f6lzer Florian, der sich nach 11:45min Kampfzeit, durch eine sehr fragw\u00fcrdige Shido-Entscheidung gegen seinen slowakischen Kontrahenten, der vermutlich einen &#8222;kleinen Heimvorteil&#8220; beim Kampfgericht genoss, geschlagen geben muss und sich mit Silber begn\u00fcgen muss.<\/p>\n<p>GOLD f\u00fcrs &#8222;Team Upperaustria&#8220;: Magomerzujev Abdullah, Starzer Emily, Klaus-Sternwieser Carina, Waldh\u00f6r Jessica, Ben Saad Firas, W\u00f6ss Julian, Klaus-Sternwieser Alexander, Tschilikin Leon<\/p>\n<p>SILBER f\u00fcrs &#8222;Team Upperaustria&#8220;: K\u00f6lzer Florian, Hammerschmied Pia, Hatzmann Alexander, Muntsuraova Tanzila<\/p>\n<p>BRONZE f\u00fcrs &#8222;Team Upperaustria&#8220;: Senk Theodor, Landrichinger Emma, Falkner Sonja, Mayrhofer Magdalena, Lippert Sarah, Leitner Johanna, Peherstorfer Lisa, Tawadrous Leandra<\/p>\n<p>HERZLICHE GRATULATION!<\/p>\n<p>Ein gro\u00dfer Dank gilt allen BetreuerInnen der O\u00d6-Vereine, welche bei dem Turnier nicht nur mit dabei waren, sondern auch tatkr\u00e4ftig mithalfen &#8211; nur so ist es m\u00f6glich, mit einem breiten \u00a0O\u00d6-Aufgebot gemeinsamen Turniere zu beschicken!<\/p>\n<div id='gallery-1' class='gallery galleryid-1984 gallery-columns-3 gallery-size-medium'><figure class='gallery-item'>\n\t\t\t<div class='gallery-icon landscape'>\n\t\t\t\t<a href='https:\/\/judo-ooelv.at\/wp-content\/uploads\/2019\/02\/IMG-20190217-WA0001.jpg'><img width=\"300\" height=\"134\" src=\"https:\/\/judo-ooelv.at\/wp-content\/uploads\/2019\/02\/IMG-20190217-WA0001-300x134.jpg\" class=\"attachment-medium size-medium\" alt=\"\" decoding=\"async\" loading=\"lazy\" srcset=\"https:\/\/judo-ooelv.at\/wp-content\/uploads\/2019\/02\/IMG-20190217-WA0001-300x134.jpg 300w, https:\/\/judo-ooelv.at\/wp-content\/uploads\/2019\/02\/IMG-20190217-WA0001-768x343.jpg 768w, https:\/\/judo-ooelv.at\/wp-content\/uploads\/2019\/02\/IMG-20190217-WA0001.jpg 1024w\" sizes=\"(max-width: 300px) 100vw, 300px\" \/><\/a>\n\t\t\t<\/div><\/figure><figure class='gallery-item'>\n\t\t\t<div class='gallery-icon landscape'>\n\t\t\t\t<a href='https:\/\/judo-ooelv.at\/wp-content\/uploads\/2019\/02\/IMG-20190216-WA0004.jpg'><img width=\"300\" height=\"225\" src=\"https:\/\/judo-ooelv.at\/wp-content\/uploads\/2019\/02\/IMG-20190216-WA0004-300x225.jpg\" class=\"attachment-medium size-medium\" alt=\"\" decoding=\"async\" loading=\"lazy\" srcset=\"https:\/\/judo-ooelv.at\/wp-content\/uploads\/2019\/02\/IMG-20190216-WA0004-300x225.jpg 300w, https:\/\/judo-ooelv.at\/wp-content\/uploads\/2019\/02\/IMG-20190216-WA0004-768x576.jpg 768w, https:\/\/judo-ooelv.at\/wp-content\/uploads\/2019\/02\/IMG-20190216-WA0004-1024x768.jpg 1024w, https:\/\/judo-ooelv.at\/wp-content\/uploads\/2019\/02\/IMG-20190216-WA0004.jpg 1600w\" sizes=\"(max-width: 300px) 100vw, 300px\" \/><\/a>\n\t\t\t<\/div><\/figure><figure class='gallery-item'>\n\t\t\t<div class='gallery-icon landscape'>\n\t\t\t\t<a href='https:\/\/judo-ooelv.at\/wp-content\/uploads\/2019\/02\/IMG_20190217_143929.jpg'><img width=\"300\" height=\"180\" src=\"https:\/\/judo-ooelv.at\/wp-content\/uploads\/2019\/02\/IMG_20190217_143929-300x180.jpg\" class=\"attachment-medium size-medium\" alt=\"\" decoding=\"async\" loading=\"lazy\" srcset=\"https:\/\/judo-ooelv.at\/wp-content\/uploads\/2019\/02\/IMG_20190217_143929-300x180.jpg 300w, https:\/\/judo-ooelv.at\/wp-content\/uploads\/2019\/02\/IMG_20190217_143929-768x461.jpg 768w, https:\/\/judo-ooelv.at\/wp-content\/uploads\/2019\/02\/IMG_20190217_143929-1024x614.jpg 1024w\" sizes=\"(max-width: 300px) 100vw, 300px\" \/><\/a>\n\t\t\t<\/div><\/figure>\n\t\t<\/div>\n\n","protected":false},"excerpt":{"rendered":"<p>In blendender Form pr\u00e4sentierte sich die ober\u00f6sterreichische Auswahl beim Grand Prix in Banska Bystrica (SVK)&#8230;.<\/p>\n","protected":false},"author":12,"featured_media":1987,"comment_status":"closed","ping_status":"closed","sticky":false,"template":"","format":"standard","meta":{"_cbd_carousel_blocks":"[]","jetpack_publicize_message":"","jetpack_is_tweetstorm":false,"jetpack_publicize_feature_enabled":true,"jetpack_social_post_already_shared":false,"jetpack_social_options":{"image_generator_settings":{"template":"highway","enabled":false}}},"categories":[1],"tags":[],"jetpack_publicize_connections":[],"jetpack_featured_media_url":"https:\/\/judo-ooelv.at\/wp-content\/uploads\/2019\/02\/IMG-20190217-WA0001.jpg","_links":{"self":[{"href":"https:\/\/judo-ooelv.at\/index.php?rest_route=\/wp\/v2\/posts\/1984"}],"collection":[{"href":"https:\/\/judo-ooelv.at\/index.php?rest_route=\/wp\/v2\/posts"}],"about":[{"href":"https:\/\/judo-ooelv.at\/index.php?rest_route=\/wp\/v2\/types\/post"}],"author":[{"embeddable":true,"href":"https:\/\/judo-ooelv.at\/index.php?rest_route=\/wp\/v2\/users\/12"}],"replies":[{"embeddable":true,"href":"https:\/\/judo-ooelv.at\/index.php?rest_route=%2Fwp%2Fv2%2Fcomments&post=1984"}],"version-history":[{"count":4,"href":"https:\/\/judo-ooelv.at\/index.php?rest_route=\/wp\/v2\/posts\/1984\/revisions"}],"predecessor-version":[{"id":1991,"href":"https:\/\/judo-ooelv.at\/index.php?rest_route=\/wp\/v2\/posts\/1984\/revisions\/1991"}],"wp:featuredmedia":[{"embeddable":true,"href":"https:\/\/judo-ooelv.at\/index.php?rest_route=\/wp\/v2\/media\/1987"}],"wp:attachment":[{"href":"https:\/\/judo-ooelv.at\/index.php?rest_route=%2Fwp%2Fv2%2Fmedia&parent=1984"}],"wp:term":[{"taxonomy":"category","embeddable":true,"href":"https:\/\/judo-ooelv.at\/index.php?rest_route=%2Fwp%2Fv2%2Fcategories&post=1984"},{"taxonomy":"post_tag","embeddable":true,"href":"https:\/\/judo-ooelv.at\/index.php?rest_route=%2Fwp%2Fv2%2Ftags&post=1984"}],"curies":[{"name":"wp","href":"https:\/\/api.w.org\/{rel}","templated":true}]}}