{"id":2161,"date":"2019-05-08T19:39:39","date_gmt":"2019-05-08T17:39:39","guid":{"rendered":"https:\/\/judo-ooelv.at\/?p=2161"},"modified":"2019-05-08T19:39:39","modified_gmt":"2019-05-08T17:39:39","slug":"judo-uebungsleiterausbildung-2019","status":"publish","type":"post","link":"https:\/\/judo-ooelv.at\/?p=2161","title":{"rendered":"Judo \u00dcbungsleiterausbildung 2019"},"content":{"rendered":"<p>Am 1.5. wurde der 4. und letzte Teil des diesj\u00e4hrigen \u00dcbungsleiterkurses abgehalten. Wir w\u00fcnschen euch allen viel Erfolg als neue \u00dcbungsleiter in euren Vereinen.<\/p>\n<div id='gallery-1' class='gallery galleryid-2161 gallery-columns-3 gallery-size-thumbnail'><figure class='gallery-item'>\n\t\t\t<div class='gallery-icon landscape'>\n\t\t\t\t<a href='https:\/\/judo-ooelv.at\/?attachment_id=2162'><img width=\"150\" height=\"150\" src=\"https:\/\/judo-ooelv.at\/wp-content\/uploads\/2019\/05\/WhatsApp-Image-2019-05-06-at-19.17.20-150x150.jpeg\" class=\"attachment-thumbnail size-thumbnail\" alt=\"\" decoding=\"async\" loading=\"lazy\" srcset=\"https:\/\/judo-ooelv.at\/wp-content\/uploads\/2019\/05\/WhatsApp-Image-2019-05-06-at-19.17.20-150x150.jpeg 150w, https:\/\/judo-ooelv.at\/wp-content\/uploads\/2019\/05\/WhatsApp-Image-2019-05-06-at-19.17.20-200x200.jpeg 200w\" sizes=\"(max-width: 150px) 100vw, 150px\" \/><\/a>\n\t\t\t<\/div><\/figure><figure class='gallery-item'>\n\t\t\t<div class='gallery-icon landscape'>\n\t\t\t\t<a href='https:\/\/judo-ooelv.at\/?attachment_id=2163'><img width=\"150\" height=\"150\" src=\"https:\/\/judo-ooelv.at\/wp-content\/uploads\/2019\/05\/WhatsApp-Image-2019-05-06-at-19.17.213-150x150.jpeg\" class=\"attachment-thumbnail size-thumbnail\" alt=\"\" decoding=\"async\" loading=\"lazy\" srcset=\"https:\/\/judo-ooelv.at\/wp-content\/uploads\/2019\/05\/WhatsApp-Image-2019-05-06-at-19.17.213-150x150.jpeg 150w, https:\/\/judo-ooelv.at\/wp-content\/uploads\/2019\/05\/WhatsApp-Image-2019-05-06-at-19.17.213-200x200.jpeg 200w\" sizes=\"(max-width: 150px) 100vw, 150px\" \/><\/a>\n\t\t\t<\/div><\/figure><figure class='gallery-item'>\n\t\t\t<div class='gallery-icon landscape'>\n\t\t\t\t<a href='https:\/\/judo-ooelv.at\/?attachment_id=2164'><img width=\"150\" height=\"150\" src=\"https:\/\/judo-ooelv.at\/wp-content\/uploads\/2019\/05\/WhatsApp-Image-2019-05-06-at-19.17.212-150x150.jpeg\" class=\"attachment-thumbnail size-thumbnail\" alt=\"\" decoding=\"async\" loading=\"lazy\" srcset=\"https:\/\/judo-ooelv.at\/wp-content\/uploads\/2019\/05\/WhatsApp-Image-2019-05-06-at-19.17.212-150x150.jpeg 150w, https:\/\/judo-ooelv.at\/wp-content\/uploads\/2019\/05\/WhatsApp-Image-2019-05-06-at-19.17.212-200x200.jpeg 200w\" sizes=\"(max-width: 150px) 100vw, 150px\" \/><\/a>\n\t\t\t<\/div><\/figure><figure class='gallery-item'>\n\t\t\t<div class='gallery-icon landscape'>\n\t\t\t\t<a href='https:\/\/judo-ooelv.at\/?attachment_id=2165'><img width=\"150\" height=\"150\" src=\"https:\/\/judo-ooelv.at\/wp-content\/uploads\/2019\/05\/WhatsApp-Image-2019-05-06-at-19.17.211-150x150.jpeg\" class=\"attachment-thumbnail size-thumbnail\" alt=\"\" decoding=\"async\" loading=\"lazy\" srcset=\"https:\/\/judo-ooelv.at\/wp-content\/uploads\/2019\/05\/WhatsApp-Image-2019-05-06-at-19.17.211-150x150.jpeg 150w, https:\/\/judo-ooelv.at\/wp-content\/uploads\/2019\/05\/WhatsApp-Image-2019-05-06-at-19.17.211-200x200.jpeg 200w\" sizes=\"(max-width: 150px) 100vw, 150px\" \/><\/a>\n\t\t\t<\/div><\/figure><figure class='gallery-item'>\n\t\t\t<div class='gallery-icon landscape'>\n\t\t\t\t<a href='https:\/\/judo-ooelv.at\/?attachment_id=2166'><img width=\"150\" height=\"150\" src=\"https:\/\/judo-ooelv.at\/wp-content\/uploads\/2019\/05\/WhatsApp-Image-2019-05-06-at-19.17.21-150x150.jpeg\" class=\"attachment-thumbnail size-thumbnail\" alt=\"\" decoding=\"async\" loading=\"lazy\" srcset=\"https:\/\/judo-ooelv.at\/wp-content\/uploads\/2019\/05\/WhatsApp-Image-2019-05-06-at-19.17.21-150x150.jpeg 150w, https:\/\/judo-ooelv.at\/wp-content\/uploads\/2019\/05\/WhatsApp-Image-2019-05-06-at-19.17.21-200x200.jpeg 200w\" sizes=\"(max-width: 150px) 100vw, 150px\" \/><\/a>\n\t\t\t<\/div><\/figure>\n\t\t<\/div>\n\n","protected":false},"excerpt":{"rendered":"<p>Am 1.5. wurde der 4. und letzte Teil des diesj\u00e4hrigen \u00dcbungsleiterkurses abgehalten. Wir w\u00fcnschen euch&#8230;<\/p>\n","protected":false},"author":4,"featured_media":2162,"comment_status":"closed","ping_status":"closed","sticky":false,"template":"","format":"standard","meta":{"_cbd_carousel_blocks":"[]","jetpack_publicize_message":"","jetpack_is_tweetstorm":false,"jetpack_publicize_feature_enabled":true,"jetpack_social_post_already_shared":false,"jetpack_social_options":{"image_generator_settings":{"template":"highway","enabled":false}}},"categories":[1],"tags":[],"jetpack_publicize_connections":[],"jetpack_featured_media_url":"https:\/\/judo-ooelv.at\/wp-content\/uploads\/2019\/05\/WhatsApp-Image-2019-05-06-at-19.17.20.jpeg","_links":{"self":[{"href":"https:\/\/judo-ooelv.at\/index.php?rest_route=\/wp\/v2\/posts\/2161"}],"collection":[{"href":"https:\/\/judo-ooelv.at\/index.php?rest_route=\/wp\/v2\/posts"}],"about":[{"href":"https:\/\/judo-ooelv.at\/index.php?rest_route=\/wp\/v2\/types\/post"}],"author":[{"embeddable":true,"href":"https:\/\/judo-ooelv.at\/index.php?rest_route=\/wp\/v2\/users\/4"}],"replies":[{"embeddable":true,"href":"https:\/\/judo-ooelv.at\/index.php?rest_route=%2Fwp%2Fv2%2Fcomments&post=2161"}],"version-history":[{"count":1,"href":"https:\/\/judo-ooelv.at\/index.php?rest_route=\/wp\/v2\/posts\/2161\/revisions"}],"predecessor-version":[{"id":2167,"href":"https:\/\/judo-ooelv.at\/index.php?rest_route=\/wp\/v2\/posts\/2161\/revisions\/2167"}],"wp:featuredmedia":[{"embeddable":true,"href":"https:\/\/judo-ooelv.at\/index.php?rest_route=\/wp\/v2\/media\/2162"}],"wp:attachment":[{"href":"https:\/\/judo-ooelv.at\/index.php?rest_route=%2Fwp%2Fv2%2Fmedia&parent=2161"}],"wp:term":[{"taxonomy":"category","embeddable":true,"href":"https:\/\/judo-ooelv.at\/index.php?rest_route=%2Fwp%2Fv2%2Fcategories&post=2161"},{"taxonomy":"post_tag","embeddable":true,"href":"https:\/\/judo-ooelv.at\/index.php?rest_route=%2Fwp%2Fv2%2Ftags&post=2161"}],"curies":[{"name":"wp","href":"https:\/\/api.w.org\/{rel}","templated":true}]}}