{"id":2256,"date":"2019-06-30T19:37:47","date_gmt":"2019-06-30T17:37:47","guid":{"rendered":"https:\/\/judo-ooelv.at\/?p=2256"},"modified":"2019-07-02T06:40:51","modified_gmt":"2019-07-02T04:40:51","slug":"int-glaspalastturnier-in-sindelfingen","status":"publish","type":"post","link":"https:\/\/judo-ooelv.at\/?p=2256","title":{"rendered":"O\u00d6-JUDO-TEAM BESTES TEAM IM GLASPALAST SINDELFINGEN"},"content":{"rendered":"<p>25 Judoka schickte der ober\u00f6sterreichische Judo-Landesverband in das Rennen um den Wanderpokal beim internationalen Glaspalastturnier in Sindelfingen. Mit gesamt 5 Goldenen, je 3 Silbernen und 3 Bronzenen, konnte der Judo-Landesverband Ober\u00f6sterreich die Mannschaftswertung vor dem Veranstalterverein Vfl Sindelfingen und TopJudo Amsterdam gewinnen (von gesamt 240 Vereinen\/Verb\u00e4nden, aus 16 Nationen mit gesamt 1383 Teilnehmer). Schade nur, dass bei der Verleihung des Wanderpokals keine Ober\u00f6sterreicher mehr in der Halle waren &#8211; jedoch h\u00e4tte das Riesending ohnedies in keinem Auto Platz gehabt, drum wird er bis zum n\u00e4chsten Jahr beim Veranstalter eingelagert. Und dass, obwohl sich unsere U15-StarterInnen anfangs doch sehr schwer taten sich an das doch sehr eigenwillige Sch\u00fcler-Regelwerk des deutschen Verbandes zu gew\u00f6hnen, sich aber im Laufe des Turniertages dann doch gut anpassen konnten.<\/p>\n<p>Den Turniersieg f\u00fcr den O\u00d6-Landesverband holten sich 2x Alexander Klaus-Sternwieser (U21\/18 -55kg), Pia Hammerschmied (U15 -57kg), die Geschwister Pr\u00f6ll Michael (U15 -55kg) und Ronald (U15 +66kg).<\/p>\n<p>Silber ging an Florian K\u00f6lzer (U15 -50kg), Theodor Senk (U15 +66kg) und Julian W\u00f6ss (U18 -55kg). Und die Bronzene ergatterten sich Dominic Medl (U15 -60kg), Abdullah Magomerzujev (U15 -66kg) und Firas Ben Saad (U18 -46kg).<\/p>\n<p>\u201eViele unserer Leute haben seit unserem letzten Auslandsturnier im Februar wirklich noch einen gro\u00dfen Schritt vorw\u00e4rts gemacht. Gratulation an dieser Stelle an die Vereinstrainer, die daf\u00fcr haupts\u00e4chlich verantwortlich sind. Die deutschen Sch\u00fcler-Regeln machten uns das Leben manchmal etwas schwer, aber mit Fortdauer des Turniers haben sich die Kids immer mehr damit arrangiert und gute Leistungen gezeigt. Gratulation an das gesamte O\u00d6-Team, die SportlerInnen und deren Vereinstrainer\u201c, res\u00fcmiert Florian Doppelhammer.<\/p>\n<p>&nbsp;<\/p>\n<p><a href=\"http:\/\/vfl-sindelfingen-judo.passgeber.de\/itg\/ergebnisse\/\" target=\"_blank\" rel=\"noopener noreferrer\">Link zu den Ergebnissen<\/a><\/p>\n<div id='gallery-1' class='gallery galleryid-2256 gallery-columns-3 gallery-size-thumbnail'><figure class='gallery-item'>\n\t\t\t<div class='gallery-icon landscape'>\n\t\t\t\t<a href='https:\/\/judo-ooelv.at\/wp-content\/uploads\/2019\/06\/IMG_20190629_172955.jpg'><img width=\"150\" height=\"150\" src=\"https:\/\/judo-ooelv.at\/wp-content\/uploads\/2019\/06\/IMG_20190629_172955-150x150.jpg\" class=\"attachment-thumbnail size-thumbnail\" alt=\"\" decoding=\"async\" loading=\"lazy\" srcset=\"https:\/\/judo-ooelv.at\/wp-content\/uploads\/2019\/06\/IMG_20190629_172955-150x150.jpg 150w, https:\/\/judo-ooelv.at\/wp-content\/uploads\/2019\/06\/IMG_20190629_172955-200x200.jpg 200w\" sizes=\"(max-width: 150px) 100vw, 150px\" \/><\/a>\n\t\t\t<\/div><\/figure><figure class='gallery-item'>\n\t\t\t<div class='gallery-icon landscape'>\n\t\t\t\t<a href='https:\/\/judo-ooelv.at\/wp-content\/uploads\/2019\/06\/IMG_20190629_112647.jpg'><img width=\"150\" height=\"150\" src=\"https:\/\/judo-ooelv.at\/wp-content\/uploads\/2019\/06\/IMG_20190629_112647-150x150.jpg\" class=\"attachment-thumbnail size-thumbnail\" alt=\"\" decoding=\"async\" loading=\"lazy\" srcset=\"https:\/\/judo-ooelv.at\/wp-content\/uploads\/2019\/06\/IMG_20190629_112647-150x150.jpg 150w, https:\/\/judo-ooelv.at\/wp-content\/uploads\/2019\/06\/IMG_20190629_112647-200x200.jpg 200w\" sizes=\"(max-width: 150px) 100vw, 150px\" \/><\/a>\n\t\t\t<\/div><\/figure><figure class='gallery-item'>\n\t\t\t<div class='gallery-icon landscape'>\n\t\t\t\t<a href='https:\/\/judo-ooelv.at\/wp-content\/uploads\/2019\/06\/WhatsApp-Image-2019-06-30-at-18.01.26.jpeg'><img width=\"150\" height=\"150\" src=\"https:\/\/judo-ooelv.at\/wp-content\/uploads\/2019\/06\/WhatsApp-Image-2019-06-30-at-18.01.26-150x150.jpeg\" class=\"attachment-thumbnail size-thumbnail\" alt=\"\" decoding=\"async\" loading=\"lazy\" srcset=\"https:\/\/judo-ooelv.at\/wp-content\/uploads\/2019\/06\/WhatsApp-Image-2019-06-30-at-18.01.26-150x150.jpeg 150w, https:\/\/judo-ooelv.at\/wp-content\/uploads\/2019\/06\/WhatsApp-Image-2019-06-30-at-18.01.26-200x200.jpeg 200w\" sizes=\"(max-width: 150px) 100vw, 150px\" \/><\/a>\n\t\t\t<\/div><\/figure><figure class='gallery-item'>\n\t\t\t<div class='gallery-icon landscape'>\n\t\t\t\t<a href='https:\/\/judo-ooelv.at\/wp-content\/uploads\/2019\/06\/IMG_20190629_180343.jpg'><img width=\"150\" height=\"150\" src=\"https:\/\/judo-ooelv.at\/wp-content\/uploads\/2019\/06\/IMG_20190629_180343-150x150.jpg\" class=\"attachment-thumbnail size-thumbnail\" alt=\"\" decoding=\"async\" loading=\"lazy\" srcset=\"https:\/\/judo-ooelv.at\/wp-content\/uploads\/2019\/06\/IMG_20190629_180343-150x150.jpg 150w, https:\/\/judo-ooelv.at\/wp-content\/uploads\/2019\/06\/IMG_20190629_180343-200x200.jpg 200w\" sizes=\"(max-width: 150px) 100vw, 150px\" \/><\/a>\n\t\t\t<\/div><\/figure><figure class='gallery-item'>\n\t\t\t<div class='gallery-icon landscape'>\n\t\t\t\t<a href='https:\/\/judo-ooelv.at\/wp-content\/uploads\/2019\/06\/IMG_20190629_180527.jpg'><img width=\"150\" height=\"150\" src=\"https:\/\/judo-ooelv.at\/wp-content\/uploads\/2019\/06\/IMG_20190629_180527-150x150.jpg\" class=\"attachment-thumbnail size-thumbnail\" alt=\"\" decoding=\"async\" loading=\"lazy\" srcset=\"https:\/\/judo-ooelv.at\/wp-content\/uploads\/2019\/06\/IMG_20190629_180527-150x150.jpg 150w, https:\/\/judo-ooelv.at\/wp-content\/uploads\/2019\/06\/IMG_20190629_180527-200x200.jpg 200w\" sizes=\"(max-width: 150px) 100vw, 150px\" \/><\/a>\n\t\t\t<\/div><\/figure>\n\t\t<\/div>\n\n","protected":false},"excerpt":{"rendered":"<p>25 Judoka schickte der ober\u00f6sterreichische Judo-Landesverband in das Rennen um den Wanderpokal beim internationalen Glaspalastturnier&#8230;<\/p>\n","protected":false},"author":12,"featured_media":2257,"comment_status":"closed","ping_status":"closed","sticky":false,"template":"","format":"standard","meta":{"_cbd_carousel_blocks":"[]","jetpack_publicize_message":"INT. GLASPALASTTURNIER IN SINDELFINGEN","jetpack_is_tweetstorm":false,"jetpack_publicize_feature_enabled":true,"jetpack_social_post_already_shared":true,"jetpack_social_options":{"image_generator_settings":{"template":"highway","enabled":false}}},"categories":[1],"tags":[],"jetpack_publicize_connections":[],"jetpack_featured_media_url":"https:\/\/judo-ooelv.at\/wp-content\/uploads\/2019\/06\/IMG_20190629_180527.jpg","_links":{"self":[{"href":"https:\/\/judo-ooelv.at\/index.php?rest_route=\/wp\/v2\/posts\/2256"}],"collection":[{"href":"https:\/\/judo-ooelv.at\/index.php?rest_route=\/wp\/v2\/posts"}],"about":[{"href":"https:\/\/judo-ooelv.at\/index.php?rest_route=\/wp\/v2\/types\/post"}],"author":[{"embeddable":true,"href":"https:\/\/judo-ooelv.at\/index.php?rest_route=\/wp\/v2\/users\/12"}],"replies":[{"embeddable":true,"href":"https:\/\/judo-ooelv.at\/index.php?rest_route=%2Fwp%2Fv2%2Fcomments&post=2256"}],"version-history":[{"count":3,"href":"https:\/\/judo-ooelv.at\/index.php?rest_route=\/wp\/v2\/posts\/2256\/revisions"}],"predecessor-version":[{"id":2264,"href":"https:\/\/judo-ooelv.at\/index.php?rest_route=\/wp\/v2\/posts\/2256\/revisions\/2264"}],"wp:featuredmedia":[{"embeddable":true,"href":"https:\/\/judo-ooelv.at\/index.php?rest_route=\/wp\/v2\/media\/2257"}],"wp:attachment":[{"href":"https:\/\/judo-ooelv.at\/index.php?rest_route=%2Fwp%2Fv2%2Fmedia&parent=2256"}],"wp:term":[{"taxonomy":"category","embeddable":true,"href":"https:\/\/judo-ooelv.at\/index.php?rest_route=%2Fwp%2Fv2%2Fcategories&post=2256"},{"taxonomy":"post_tag","embeddable":true,"href":"https:\/\/judo-ooelv.at\/index.php?rest_route=%2Fwp%2Fv2%2Ftags&post=2256"}],"curies":[{"name":"wp","href":"https:\/\/api.w.org\/{rel}","templated":true}]}}