{"id":2287,"date":"2019-07-29T12:49:32","date_gmt":"2019-07-29T10:49:32","guid":{"rendered":"https:\/\/judo-ooelv.at\/?p=2287"},"modified":"2019-07-29T12:49:32","modified_gmt":"2019-07-29T10:49:32","slug":"veteranen-europameisterschaft-gran-canaria-2019","status":"publish","type":"post","link":"https:\/\/judo-ooelv.at\/?p=2287","title":{"rendered":"Veteranen &#8211; Europameisterschaft Gran Canaria 2019"},"content":{"rendered":"<p><img decoding=\"async\" loading=\"lazy\" class=\"alignnone wp-image-2288\" src=\"https:\/\/judo-ooelv.at\/wp-content\/uploads\/2019\/07\/rULVxqB0fhNtp0k3Q58J5GRPfUdz87Pl_768.jpg\" alt=\"\" width=\"510\" height=\"408\" srcset=\"https:\/\/judo-ooelv.at\/wp-content\/uploads\/2019\/07\/rULVxqB0fhNtp0k3Q58J5GRPfUdz87Pl_768.jpg 768w, https:\/\/judo-ooelv.at\/wp-content\/uploads\/2019\/07\/rULVxqB0fhNtp0k3Q58J5GRPfUdz87Pl_768-300x240.jpg 300w\" sizes=\"(max-width: 510px) 100vw, 510px\" \/><\/p>\n<p><strong>Radner Gerald holt bei der Veteranen EM in Gran Canaria in der Klasse M3 -73 kg eine Silbermedaille!! <\/strong><\/p>\n<p>In den Vorrunden agierte der Kirchhamer souver\u00e4n und gewann bis ins Semifinale seine K\u00e4mpfe ungef\u00e4hrdet. Um den Einzug ins Finale nutzte er gegen den Franzosen Fabien Denissel eine Bodensituation und zwang seinen Kontrahenten mit einer W\u00fcrgetechnik zur Aufgabe. Auch im Finale sah Radner wie der Sieger aus, doch seinen letzten Angriff konterte der Franzose und gewann mit Waza-ari den Golden Sore und somit das Finale.<\/p>\n<p><img decoding=\"async\" loading=\"lazy\" class=\"alignnone wp-image-2290\" src=\"https:\/\/judo-ooelv.at\/wp-content\/uploads\/2019\/07\/zncnEfvQCv5cZv30FsDfSgGUyoKXadDE_768.jpg\" alt=\"\" width=\"513\" height=\"410\" srcset=\"https:\/\/judo-ooelv.at\/wp-content\/uploads\/2019\/07\/zncnEfvQCv5cZv30FsDfSgGUyoKXadDE_768.jpg 768w, https:\/\/judo-ooelv.at\/wp-content\/uploads\/2019\/07\/zncnEfvQCv5cZv30FsDfSgGUyoKXadDE_768-300x240.jpg 300w\" sizes=\"(max-width: 513px) 100vw, 513px\" \/><\/p>\n<p><strong>Mairhofer Martin holt bei der Veteranen EM in Gran Canaria in der Klasse M2 -90 kg eine Silbermedaille!! <\/strong><\/p>\n<p>Am Samstag erk\u00e4mpfte Martin Mairhofer vom SV Gallneukirchen Silber und schloss damit drei erfolgreiche Wettkampftage in Gran Canaria ab. Gegen Vitalii Dudchyk war dann aber nichts zu machen. Der ehemalige Grand-Prix-Medaillengewinner lie\u00df Mairhofer keine Chance.<\/p>\n<p>Herzlichen Gl\u00fcckwunsch vom O\u00d6.Judolandesverband<\/p>\n","protected":false},"excerpt":{"rendered":"<p>Radner Gerald holt bei der Veteranen EM in Gran Canaria in der Klasse M3 -73&#8230;<\/p>\n","protected":false},"author":8,"featured_media":2289,"comment_status":"closed","ping_status":"closed","sticky":false,"template":"","format":"standard","meta":{"_cbd_carousel_blocks":"[]","jetpack_publicize_message":"","jetpack_is_tweetstorm":false,"jetpack_publicize_feature_enabled":true,"jetpack_social_post_already_shared":true,"jetpack_social_options":{"image_generator_settings":{"template":"highway","enabled":false}}},"categories":[1],"tags":[],"jetpack_publicize_connections":[],"jetpack_featured_media_url":"https:\/\/judo-ooelv.at\/wp-content\/uploads\/2019\/07\/Vet_EM_2019_Logo.jpg","_links":{"self":[{"href":"https:\/\/judo-ooelv.at\/index.php?rest_route=\/wp\/v2\/posts\/2287"}],"collection":[{"href":"https:\/\/judo-ooelv.at\/index.php?rest_route=\/wp\/v2\/posts"}],"about":[{"href":"https:\/\/judo-ooelv.at\/index.php?rest_route=\/wp\/v2\/types\/post"}],"author":[{"embeddable":true,"href":"https:\/\/judo-ooelv.at\/index.php?rest_route=\/wp\/v2\/users\/8"}],"replies":[{"embeddable":true,"href":"https:\/\/judo-ooelv.at\/index.php?rest_route=%2Fwp%2Fv2%2Fcomments&post=2287"}],"version-history":[{"count":1,"href":"https:\/\/judo-ooelv.at\/index.php?rest_route=\/wp\/v2\/posts\/2287\/revisions"}],"predecessor-version":[{"id":2291,"href":"https:\/\/judo-ooelv.at\/index.php?rest_route=\/wp\/v2\/posts\/2287\/revisions\/2291"}],"wp:featuredmedia":[{"embeddable":true,"href":"https:\/\/judo-ooelv.at\/index.php?rest_route=\/wp\/v2\/media\/2289"}],"wp:attachment":[{"href":"https:\/\/judo-ooelv.at\/index.php?rest_route=%2Fwp%2Fv2%2Fmedia&parent=2287"}],"wp:term":[{"taxonomy":"category","embeddable":true,"href":"https:\/\/judo-ooelv.at\/index.php?rest_route=%2Fwp%2Fv2%2Fcategories&post=2287"},{"taxonomy":"post_tag","embeddable":true,"href":"https:\/\/judo-ooelv.at\/index.php?rest_route=%2Fwp%2Fv2%2Ftags&post=2287"}],"curies":[{"name":"wp","href":"https:\/\/api.w.org\/{rel}","templated":true}]}}