{"id":2361,"date":"2019-09-15T09:12:42","date_gmt":"2019-09-15T07:12:42","guid":{"rendered":"https:\/\/judo-ooelv.at\/?p=2361"},"modified":"2019-09-15T09:12:42","modified_gmt":"2019-09-15T07:12:42","slug":"junioren-europameisterschaft-vantaa-2019","status":"publish","type":"post","link":"https:\/\/judo-ooelv.at\/?p=2361","title":{"rendered":"Junioren Europameisterschaft Vantaa 2019"},"content":{"rendered":"<p>Unser Landesverband ist mit beiden TZ-Sportlern, Daniel Leutgeb (ASK\u00d6 Reichraming) und Samuel Gassner (UJZ M\u00fchlviertel) im Team Austria vertreten. Daniel konnte am 1.Wettkampftag in der Klasse -60 kg mit einer sehr guten Leistung den 7.Platz erk\u00e4mpfen. In der 1.Runde besiegte er Kokolayev (ISR) mit einer klugen taktischen Arbeit, und schickte ihn mit 3 Shido von der Matte. In Runde 2 kam der gesetzte Milic (SRB). Daniel beherrschte seinen Gegner von Beginn an und warf ihn kurz vor Kampfende mit Ko-Uchi-Maki-Komi Waza-Ari. Im 1\/4-Finale unterlag er zwar Aliyev(AZE) mit Waza-Ari f\u00fcr Uchi-Mata, lieferte dem 2 Jahre \u00e4lteren Gegner aber einen beherzten Kampf. In der Hoffnungsrunde verlor Daniel dann vs den an 1 gesetzten Yusifof erst im Golden Score mit dem 3. Shido. Gratulation zu dieser sehr guten Turnierleistung.<\/p>\n<p>Am 2. Tag war dann Samuel in der Klasse -73 kg am Start. Sein Gegner war der an 4 gesetzte Italiener Prosdocimo. Gegen ihn hatte beim EC in Cohimbra um den Finaleinzug verloren. Gleich in der ersten Minute warf er einen sehr sch\u00f6nen Uchi-Mata, leider knapp am Waza-Ari vorbei. Leider setzte er sein technisches K\u00f6nnen nicht vollst\u00e4ndig ein, und kam zu keinen weiteren wirkungsvollen Angriffen. Im Golden Score geriet Sami dann nach einer eigenen Konteraktion in eine Haltetechnik und verlor. Er selbst war mit seiner Leistung nicht zufrieden, und \u00e4rgerte sich \u00fcber die vergebene Chance.<\/p>\n<p>In der gleichen Kategorie konnte Matthias Czizsek (Galaxy) mit einer sehr guten Vorstellung die Bronzemedaille f\u00fcr \u00d6sterreich erk\u00e4mpfen. Gratulation dazu!!!<\/p>\n<p>Heute ist Samuel im Mix-Team vs POL in der 1. Runde aufgestellt. Wir w\u00fcnschen unserer Mannschaft viel Erfolg.<\/p>\n<p>&nbsp;<\/p>\n<p><img decoding=\"async\" loading=\"lazy\" class=\"alignnone size-medium wp-image-2363\" src=\"https:\/\/judo-ooelv.at\/wp-content\/uploads\/2019\/09\/Vantaa2-002-300x225.jpg\" alt=\"\" width=\"300\" height=\"225\" srcset=\"https:\/\/judo-ooelv.at\/wp-content\/uploads\/2019\/09\/Vantaa2-002-300x225.jpg 300w, https:\/\/judo-ooelv.at\/wp-content\/uploads\/2019\/09\/Vantaa2-002-768x576.jpg 768w, https:\/\/judo-ooelv.at\/wp-content\/uploads\/2019\/09\/Vantaa2-002-1024x768.jpg 1024w, https:\/\/judo-ooelv.at\/wp-content\/uploads\/2019\/09\/Vantaa2-002.jpg 1600w\" sizes=\"(max-width: 300px) 100vw, 300px\" \/> Unsere treuen Fans aus Reichraming! danke f\u00fcr eure Unterst\u00fctzung!!<\/p>\n","protected":false},"excerpt":{"rendered":"<p>Unser Landesverband ist mit beiden TZ-Sportlern, Daniel Leutgeb (ASK\u00d6 Reichraming) und Samuel Gassner (UJZ M\u00fchlviertel)&#8230;<\/p>\n","protected":false},"author":9,"featured_media":2362,"comment_status":"closed","ping_status":"closed","sticky":false,"template":"","format":"standard","meta":{"_cbd_carousel_blocks":"[]","jetpack_publicize_message":"","jetpack_is_tweetstorm":false,"jetpack_publicize_feature_enabled":true,"jetpack_social_post_already_shared":true,"jetpack_social_options":{"image_generator_settings":{"template":"highway","enabled":false}}},"categories":[1],"tags":[],"jetpack_publicize_connections":[],"jetpack_featured_media_url":"https:\/\/judo-ooelv.at\/wp-content\/uploads\/2019\/09\/Vantaa-002.jpg","_links":{"self":[{"href":"https:\/\/judo-ooelv.at\/index.php?rest_route=\/wp\/v2\/posts\/2361"}],"collection":[{"href":"https:\/\/judo-ooelv.at\/index.php?rest_route=\/wp\/v2\/posts"}],"about":[{"href":"https:\/\/judo-ooelv.at\/index.php?rest_route=\/wp\/v2\/types\/post"}],"author":[{"embeddable":true,"href":"https:\/\/judo-ooelv.at\/index.php?rest_route=\/wp\/v2\/users\/9"}],"replies":[{"embeddable":true,"href":"https:\/\/judo-ooelv.at\/index.php?rest_route=%2Fwp%2Fv2%2Fcomments&post=2361"}],"version-history":[{"count":1,"href":"https:\/\/judo-ooelv.at\/index.php?rest_route=\/wp\/v2\/posts\/2361\/revisions"}],"predecessor-version":[{"id":2364,"href":"https:\/\/judo-ooelv.at\/index.php?rest_route=\/wp\/v2\/posts\/2361\/revisions\/2364"}],"wp:featuredmedia":[{"embeddable":true,"href":"https:\/\/judo-ooelv.at\/index.php?rest_route=\/wp\/v2\/media\/2362"}],"wp:attachment":[{"href":"https:\/\/judo-ooelv.at\/index.php?rest_route=%2Fwp%2Fv2%2Fmedia&parent=2361"}],"wp:term":[{"taxonomy":"category","embeddable":true,"href":"https:\/\/judo-ooelv.at\/index.php?rest_route=%2Fwp%2Fv2%2Fcategories&post=2361"},{"taxonomy":"post_tag","embeddable":true,"href":"https:\/\/judo-ooelv.at\/index.php?rest_route=%2Fwp%2Fv2%2Ftags&post=2361"}],"curies":[{"name":"wp","href":"https:\/\/api.w.org\/{rel}","templated":true}]}}