{"id":2585,"date":"2019-09-16T08:08:55","date_gmt":"2019-09-16T06:08:55","guid":{"rendered":"https:\/\/judo-ooelv.at\/?p=2585"},"modified":"2019-09-16T08:08:55","modified_gmt":"2019-09-16T06:08:55","slug":"judo-legenden-feierten-jubilaeum","status":"publish","type":"post","link":"https:\/\/judo-ooelv.at\/?p=2585","title":{"rendered":"Judo-Legenden feierten Jubil\u00e4um"},"content":{"rendered":"<p style=\"text-align: center;\">Im Jahr 1999 hat Alfred Mittendorfer aus Gunskirchen das erste Judo-Oldie-Treffen ins Leben gerufen. Zum 20-Jahr-Jubil\u00e4um lud die Linzerin Inge Habringer heimische Judo-Legenden nach Urfahr, wo der Olympia-F\u00fcnfte von Montreal 1976, Erich Pointner (69), Heimvorteil hatte. Das lange Zeit in der Gastwirtschaft t\u00e4tige Ex-Leichtgewicht plauderte mit seinen einstigen sportlichen Gegnern Alfred Galler, Heini Mayrhofer (beide Salzburg), Willi Reizelsdorfer (Wels) und Martin Sinkovics (Steyr) \u00fcber hei\u00dfe Duelle auf der Judomatte. Im gem\u00fctlichen Weinrebengarten des Gasthauses Limberger in Blindwiesen wurde bei Kaiserwetter ausgiebig gefeiert. Mit dabei waren auch Ex-Europameister Robert K\u00f6stenberger, die ehemaligen Linzer Spitzenk\u00e4mpfer Walter Simmerl, Siegfried Spennlingwimmer, Helmut Aumair und Walter Reisinger sowie der Wiener Olympionike Lutz Lischka und O\u00d6-Verbandspr\u00e4sident Gerald Eidenberger. \u00c4ltester Teilnehmer war Walter Kriechbaum (86) aus Gaspoltshofen, der sich als \u201eBaumeister des Judosports in Ober\u00f6sterreich\u201c feiern lie\u00df. \u201eEr hat das Pyjamaraufen in unser Bundesland gebracht\u201c, scherzte Ex-Funktion\u00e4r Josef Altmanninger aus Steyrerm\u00fchl. Sonderapplaus erntete auch ein anderer Judo-Oldie: \u201eAlfred Mittendorfer ist die treibende Kraft f\u00fcr dieses traditionelle Treffen, das jedes Jahr gro\u00dfen Anklang findet\u201c, so Pointner.<\/p>\n<p><img decoding=\"async\" loading=\"lazy\" class=\"wp-image-2586 aligncenter\" src=\"https:\/\/judo-ooelv.at\/wp-content\/uploads\/2019\/09\/DSCN6017.jpg\" alt=\"\" width=\"476\" height=\"357\" srcset=\"https:\/\/judo-ooelv.at\/wp-content\/uploads\/2019\/09\/DSCN6017.jpg 1600w, https:\/\/judo-ooelv.at\/wp-content\/uploads\/2019\/09\/DSCN6017-300x225.jpg 300w, https:\/\/judo-ooelv.at\/wp-content\/uploads\/2019\/09\/DSCN6017-768x576.jpg 768w, https:\/\/judo-ooelv.at\/wp-content\/uploads\/2019\/09\/DSCN6017-1024x768.jpg 1024w\" sizes=\"(max-width: 476px) 100vw, 476px\" \/><br \/>\nDas Organisationsteam des 20. Judo-Legenden-Treffs in Urfahr (von links): Alfred Mittendorfer, Inge Habringer und Erich Pointner.<\/p>\n<p><img decoding=\"async\" loading=\"lazy\" class=\"wp-image-2587 aligncenter\" src=\"https:\/\/judo-ooelv.at\/wp-content\/uploads\/2019\/09\/DSCN6023.jpg\" alt=\"\" width=\"478\" height=\"359\" srcset=\"https:\/\/judo-ooelv.at\/wp-content\/uploads\/2019\/09\/DSCN6023.jpg 1600w, https:\/\/judo-ooelv.at\/wp-content\/uploads\/2019\/09\/DSCN6023-300x225.jpg 300w, https:\/\/judo-ooelv.at\/wp-content\/uploads\/2019\/09\/DSCN6023-768x576.jpg 768w, https:\/\/judo-ooelv.at\/wp-content\/uploads\/2019\/09\/DSCN6023-1024x768.jpg 1024w\" sizes=\"(max-width: 478px) 100vw, 478px\" \/><\/p>\n<p style=\"text-align: center;\">Lieferten sich einst erbitterte Duelle auf der Judomatte (von links): Erich Pointner, Alfred Galler und Willi Reizelsdorfer.<\/p>\n<p><img decoding=\"async\" loading=\"lazy\" class=\"wp-image-2588 aligncenter\" src=\"https:\/\/judo-ooelv.at\/wp-content\/uploads\/2019\/09\/DSCN6046.jpg\" alt=\"\" width=\"362\" height=\"483\" srcset=\"https:\/\/judo-ooelv.at\/wp-content\/uploads\/2019\/09\/DSCN6046.jpg 1200w, https:\/\/judo-ooelv.at\/wp-content\/uploads\/2019\/09\/DSCN6046-225x300.jpg 225w, https:\/\/judo-ooelv.at\/wp-content\/uploads\/2019\/09\/DSCN6046-768x1024.jpg 768w\" sizes=\"(max-width: 362px) 100vw, 362px\" \/><\/p>\n<p style=\"text-align: center;\">Judo-Urgestein Walter Kriechbaum (links) und Josef Altmanninger.<\/p>\n","protected":false},"excerpt":{"rendered":"<p>Im Jahr 1999 hat Alfred Mittendorfer aus Gunskirchen das erste Judo-Oldie-Treffen ins Leben gerufen. Zum&#8230;<\/p>\n","protected":false},"author":8,"featured_media":2586,"comment_status":"closed","ping_status":"closed","sticky":false,"template":"","format":"standard","meta":{"_cbd_carousel_blocks":"[]","jetpack_publicize_message":"Judo-Legenden feierten Jubil\u00e4um","jetpack_is_tweetstorm":false,"jetpack_publicize_feature_enabled":true,"jetpack_social_post_already_shared":true,"jetpack_social_options":{"image_generator_settings":{"template":"highway","enabled":false}}},"categories":[1],"tags":[],"jetpack_publicize_connections":[],"jetpack_featured_media_url":"https:\/\/judo-ooelv.at\/wp-content\/uploads\/2019\/09\/DSCN6017.jpg","_links":{"self":[{"href":"https:\/\/judo-ooelv.at\/index.php?rest_route=\/wp\/v2\/posts\/2585"}],"collection":[{"href":"https:\/\/judo-ooelv.at\/index.php?rest_route=\/wp\/v2\/posts"}],"about":[{"href":"https:\/\/judo-ooelv.at\/index.php?rest_route=\/wp\/v2\/types\/post"}],"author":[{"embeddable":true,"href":"https:\/\/judo-ooelv.at\/index.php?rest_route=\/wp\/v2\/users\/8"}],"replies":[{"embeddable":true,"href":"https:\/\/judo-ooelv.at\/index.php?rest_route=%2Fwp%2Fv2%2Fcomments&post=2585"}],"version-history":[{"count":2,"href":"https:\/\/judo-ooelv.at\/index.php?rest_route=\/wp\/v2\/posts\/2585\/revisions"}],"predecessor-version":[{"id":2590,"href":"https:\/\/judo-ooelv.at\/index.php?rest_route=\/wp\/v2\/posts\/2585\/revisions\/2590"}],"wp:featuredmedia":[{"embeddable":true,"href":"https:\/\/judo-ooelv.at\/index.php?rest_route=\/wp\/v2\/media\/2586"}],"wp:attachment":[{"href":"https:\/\/judo-ooelv.at\/index.php?rest_route=%2Fwp%2Fv2%2Fmedia&parent=2585"}],"wp:term":[{"taxonomy":"category","embeddable":true,"href":"https:\/\/judo-ooelv.at\/index.php?rest_route=%2Fwp%2Fv2%2Fcategories&post=2585"},{"taxonomy":"post_tag","embeddable":true,"href":"https:\/\/judo-ooelv.at\/index.php?rest_route=%2Fwp%2Fv2%2Ftags&post=2585"}],"curies":[{"name":"wp","href":"https:\/\/api.w.org\/{rel}","templated":true}]}}