{"id":2656,"date":"2019-10-13T19:37:27","date_gmt":"2019-10-13T17:37:27","guid":{"rendered":"https:\/\/judo-ooelv.at\/?p=2656"},"modified":"2019-10-13T19:37:27","modified_gmt":"2019-10-13T17:37:27","slug":"27-int-colop-masters-wels","status":"publish","type":"post","link":"https:\/\/judo-ooelv.at\/?p=2656","title":{"rendered":"27. Int. Colop Masters Wels"},"content":{"rendered":"<p>320 Jugend-Judokas aus acht Nationen (Bosnien-Herzegovina, Deutschland, Kroatien, Niederlande, Rum\u00e4nien, Tschechien, Ungarn und \u00d6sterreich k\u00e4mpften bei der 27. Auflage des Welser Colop-Masters um den Sieg.<\/p>\n<p>Gefightet wurde bei diesem sehr stark besetzten Turnier in den Altersklassen U12, U14 und U16<\/p>\n<p><a href=\"http:\/\/judo-ooelv.at\/ergebnisse\/2019\/WEB_ColopWels\/_index.htm\" target=\"_blank\" rel=\"noopener noreferrer\">Ergebnisse<\/a><\/p>\n<p><a href=\"https:\/\/judo-ooelv.at\/wp-content\/uploads\/2019\/10\/DSC_7742.jpg\"><img decoding=\"async\" loading=\"lazy\" class=\"alignnone size-medium wp-image-2657\" src=\"https:\/\/judo-ooelv.at\/wp-content\/uploads\/2019\/10\/DSC_7742-300x199.jpg\" alt=\"\" width=\"300\" height=\"199\" srcset=\"https:\/\/judo-ooelv.at\/wp-content\/uploads\/2019\/10\/DSC_7742-300x199.jpg 300w, https:\/\/judo-ooelv.at\/wp-content\/uploads\/2019\/10\/DSC_7742-768x509.jpg 768w, https:\/\/judo-ooelv.at\/wp-content\/uploads\/2019\/10\/DSC_7742-1024x678.jpg 1024w\" sizes=\"(max-width: 300px) 100vw, 300px\" \/><\/a> <a href=\"https:\/\/judo-ooelv.at\/wp-content\/uploads\/2019\/10\/DSC_7778.jpg\"><img decoding=\"async\" loading=\"lazy\" class=\"alignnone size-medium wp-image-2659\" src=\"https:\/\/judo-ooelv.at\/wp-content\/uploads\/2019\/10\/DSC_7778-300x199.jpg\" alt=\"\" width=\"300\" height=\"199\" srcset=\"https:\/\/judo-ooelv.at\/wp-content\/uploads\/2019\/10\/DSC_7778-300x199.jpg 300w, https:\/\/judo-ooelv.at\/wp-content\/uploads\/2019\/10\/DSC_7778-768x509.jpg 768w, https:\/\/judo-ooelv.at\/wp-content\/uploads\/2019\/10\/DSC_7778-1024x678.jpg 1024w\" sizes=\"(max-width: 300px) 100vw, 300px\" \/><\/a> <a href=\"https:\/\/judo-ooelv.at\/wp-content\/uploads\/2019\/10\/DSC_8313.jpg\"><img decoding=\"async\" loading=\"lazy\" class=\"alignnone size-medium wp-image-2660\" src=\"https:\/\/judo-ooelv.at\/wp-content\/uploads\/2019\/10\/DSC_8313-300x199.jpg\" alt=\"\" width=\"300\" height=\"199\" srcset=\"https:\/\/judo-ooelv.at\/wp-content\/uploads\/2019\/10\/DSC_8313-300x199.jpg 300w, https:\/\/judo-ooelv.at\/wp-content\/uploads\/2019\/10\/DSC_8313-768x509.jpg 768w, https:\/\/judo-ooelv.at\/wp-content\/uploads\/2019\/10\/DSC_8313-1024x678.jpg 1024w\" sizes=\"(max-width: 300px) 100vw, 300px\" \/><\/a><\/p>\n<p>Bericht und Fotos: Johannes Bachler (LZ Multikraft Wels)<\/p>\n","protected":false},"excerpt":{"rendered":"<p>320 Jugend-Judokas aus acht Nationen (Bosnien-Herzegovina, Deutschland, Kroatien, Niederlande, Rum\u00e4nien, Tschechien, Ungarn und \u00d6sterreich k\u00e4mpften&#8230;<\/p>\n","protected":false},"author":4,"featured_media":2660,"comment_status":"closed","ping_status":"closed","sticky":false,"template":"","format":"standard","meta":{"_cbd_carousel_blocks":"[]","jetpack_publicize_message":"","jetpack_is_tweetstorm":false,"jetpack_publicize_feature_enabled":true,"jetpack_social_post_already_shared":true,"jetpack_social_options":{"image_generator_settings":{"template":"highway","enabled":false}}},"categories":[1],"tags":[],"jetpack_publicize_connections":[],"jetpack_featured_media_url":"https:\/\/judo-ooelv.at\/wp-content\/uploads\/2019\/10\/DSC_8313.jpg","_links":{"self":[{"href":"https:\/\/judo-ooelv.at\/index.php?rest_route=\/wp\/v2\/posts\/2656"}],"collection":[{"href":"https:\/\/judo-ooelv.at\/index.php?rest_route=\/wp\/v2\/posts"}],"about":[{"href":"https:\/\/judo-ooelv.at\/index.php?rest_route=\/wp\/v2\/types\/post"}],"author":[{"embeddable":true,"href":"https:\/\/judo-ooelv.at\/index.php?rest_route=\/wp\/v2\/users\/4"}],"replies":[{"embeddable":true,"href":"https:\/\/judo-ooelv.at\/index.php?rest_route=%2Fwp%2Fv2%2Fcomments&post=2656"}],"version-history":[{"count":1,"href":"https:\/\/judo-ooelv.at\/index.php?rest_route=\/wp\/v2\/posts\/2656\/revisions"}],"predecessor-version":[{"id":2661,"href":"https:\/\/judo-ooelv.at\/index.php?rest_route=\/wp\/v2\/posts\/2656\/revisions\/2661"}],"wp:featuredmedia":[{"embeddable":true,"href":"https:\/\/judo-ooelv.at\/index.php?rest_route=\/wp\/v2\/media\/2660"}],"wp:attachment":[{"href":"https:\/\/judo-ooelv.at\/index.php?rest_route=%2Fwp%2Fv2%2Fmedia&parent=2656"}],"wp:term":[{"taxonomy":"category","embeddable":true,"href":"https:\/\/judo-ooelv.at\/index.php?rest_route=%2Fwp%2Fv2%2Fcategories&post=2656"},{"taxonomy":"post_tag","embeddable":true,"href":"https:\/\/judo-ooelv.at\/index.php?rest_route=%2Fwp%2Fv2%2Ftags&post=2656"}],"curies":[{"name":"wp","href":"https:\/\/api.w.org\/{rel}","templated":true}]}}