{"id":2770,"date":"2019-11-16T19:07:16","date_gmt":"2019-11-16T18:07:16","guid":{"rendered":"https:\/\/judo-ooelv.at\/?p=2770"},"modified":"2019-11-18T06:43:08","modified_gmt":"2019-11-18T05:43:08","slug":"ec-u18-im-ungarischen-gyoer","status":"publish","type":"post","link":"https:\/\/judo-ooelv.at\/?p=2770","title":{"rendered":"EC u18 im ungarischen Gy\u00f6r"},"content":{"rendered":"<p>Nach der Bronzemedaille bei seinem EC-Deb\u00fct in Koper konnte Issa Nachscho (LZ Wels) nun bis ins Finale vordringen. Der K\u00e4mpfer vom Talentezentrum O\u00d6 gewann seine 3 Vorrundenk\u00e4mpfe vs Bubalo (SRB), Anghel (ROU) und Marchenko (UKR) jeweils mit Ippon. Im Halbfinale lieferte er sich einen echten Krimi vs Gomes (POR), den er nach \u00fcber 7 min mit Waza-Ari f\u00fcr sich entscheiden konnte. Im Finale unterlag er dann vs Ignasiak (POL) mit Armhebel. Gratulation zu dieser starken Leistung!!<\/p>\n<p>F\u00fcr Dennis Sosnowski, Johannes Bei\u00dfkammer (beide Judo Union Kirchham) und Julian W\u00f6ss (JU Dynamik One) war leider nach Erstrundenniederlagen das Turnier zu Ende!<\/p>\n","protected":false},"excerpt":{"rendered":"<p>Nach der Bronzemedaille bei seinem EC-Deb\u00fct in Koper konnte Issa Nachscho (LZ Wels) nun bis&#8230;<\/p>\n","protected":false},"author":9,"featured_media":2771,"comment_status":"closed","ping_status":"closed","sticky":false,"template":"","format":"standard","meta":{"_cbd_carousel_blocks":"[]","jetpack_publicize_message":"","jetpack_is_tweetstorm":false,"jetpack_publicize_feature_enabled":true,"jetpack_social_post_already_shared":true,"jetpack_social_options":{"image_generator_settings":{"template":"highway","enabled":false}}},"categories":[1],"tags":[],"jetpack_publicize_connections":[],"jetpack_featured_media_url":"https:\/\/judo-ooelv.at\/wp-content\/uploads\/2019\/11\/Isaa-Gy\u00f6r002.jpg","_links":{"self":[{"href":"https:\/\/judo-ooelv.at\/index.php?rest_route=\/wp\/v2\/posts\/2770"}],"collection":[{"href":"https:\/\/judo-ooelv.at\/index.php?rest_route=\/wp\/v2\/posts"}],"about":[{"href":"https:\/\/judo-ooelv.at\/index.php?rest_route=\/wp\/v2\/types\/post"}],"author":[{"embeddable":true,"href":"https:\/\/judo-ooelv.at\/index.php?rest_route=\/wp\/v2\/users\/9"}],"replies":[{"embeddable":true,"href":"https:\/\/judo-ooelv.at\/index.php?rest_route=%2Fwp%2Fv2%2Fcomments&post=2770"}],"version-history":[{"count":4,"href":"https:\/\/judo-ooelv.at\/index.php?rest_route=\/wp\/v2\/posts\/2770\/revisions"}],"predecessor-version":[{"id":2782,"href":"https:\/\/judo-ooelv.at\/index.php?rest_route=\/wp\/v2\/posts\/2770\/revisions\/2782"}],"wp:featuredmedia":[{"embeddable":true,"href":"https:\/\/judo-ooelv.at\/index.php?rest_route=\/wp\/v2\/media\/2771"}],"wp:attachment":[{"href":"https:\/\/judo-ooelv.at\/index.php?rest_route=%2Fwp%2Fv2%2Fmedia&parent=2770"}],"wp:term":[{"taxonomy":"category","embeddable":true,"href":"https:\/\/judo-ooelv.at\/index.php?rest_route=%2Fwp%2Fv2%2Fcategories&post=2770"},{"taxonomy":"post_tag","embeddable":true,"href":"https:\/\/judo-ooelv.at\/index.php?rest_route=%2Fwp%2Fv2%2Ftags&post=2770"}],"curies":[{"name":"wp","href":"https:\/\/api.w.org\/{rel}","templated":true}]}}