{"id":2776,"date":"2019-11-17T12:24:29","date_gmt":"2019-11-17T11:24:29","guid":{"rendered":"https:\/\/judo-ooelv.at\/?p=2776"},"modified":"2019-11-18T07:40:30","modified_gmt":"2019-11-18T06:40:30","slug":"mini-nagaoka-cup-ljubljana-team-upperaustria-schlaegt-wieder-zu","status":"publish","type":"post","link":"https:\/\/judo-ooelv.at\/?p=2776","title":{"rendered":"MINI NAGAOKA CUP LJUBLJANA &#8211; &#8222;TEAM UPPERAUSTRIA&#8220; SCHL\u00c4GT WIEDER ZU"},"content":{"rendered":"<p>W\u00e4hrend in Ober\u00f6sterreich das j\u00e4hrliche Judoforum abgehalten wurde, konnte unser O\u00d6-U14\/16-Team ein weiteres Mal bei einem Auslandsturnier ihre St\u00e4rke unter Beweis stellen. Das &#8222;Team Upperaustria&#8220; gewann beim stark besetzten Mini Nagaoka Cup in Ljubljana (SLO) die Team-Wertungen U14, und U16, sowie die Gesamtwertung des 1. Wettkampftages (479 Starter, 60 Vereine, 6 Nationen)! Die gesamt 52 O\u00d6-Judoka brachten es auf eine beachtliche Ausbeute von 12x Gold, 5x Silber und 14x Bronze &#8211; hier gehts zu den <a href=\"https:\/\/judoslo.si\/en\/competition\/2392\/medals\" target=\"_blank\" rel=\"noopener noreferrer\">Ergebnissen<\/a>!<\/p>\n<p>GOLD: Tschilikin Leon, Ben Saad Firas, Falkner Sonja, Hammerschmied Pia, Kaserer Alexander, Klaus-Sternwieser Carina, Medl Vanessa, Muntsurova Mohamed, Pr\u00f6ll Claire, Sonntagbauer Nico, Starzer Emily, St\u00f6gmann Isabella<br \/>\nSILBER: Bei\u00dfkammer Ria, F\u00fcreder Emil, Mayrhofer Magdalena, St\u00f6gmann Stefan, Zagler Nico<br \/>\nBRONZE: Coric Emma, Haim MAthias, Hinterreiter Elena, K\u00f6lzer Florian, Lippert Sarah, Magomerzujev Abdullah, Mantaeva Taslima, Muntsurova Tanzila, Pr\u00f6ll Michael, Pr\u00f6ll Ronald, Scharinger Niklas, Stadler Eva, Zakajev Abdul, Zalaev Muhamad Ali<\/p>\n<p>Aufgrund des gro\u00dfen O\u00d6-Teams war Sch\u00fcler-Referent Florian Doppelhammer auf die Hilfe der Vereinstrainer angewiesen &#8211; daf\u00fcr m\u00f6chte er sich an dieser Stelle f\u00fcr die super Zusammenarbeit bedanken: VIELEN DANK Mario Medl, Monika Kronberger, Andrea Stump, Josef und Marianne Reiter, G\u00fcnter Deschka, Mounir Ben Saad<\/p>\n<p>!!! GRARULATION !!!<\/p>\n<p>&nbsp;<\/p>\n<p>&#8222;Ich freue mich erstens \u00fcber die tollen Leistungen der AthletInnen bei diesem gut besetzten Turnier. Vor allem zeigten die U14er das in Ober\u00f6sterreich auch n\u00e4chstes Jahr wieder starke Judoka in die U16er nachr\u00fccken werden. Den \u00c4lteren U16ern w\u00fcnsche ich auf diesem Weg Viel Erfolg f\u00fcr das n\u00e4chste Jahr &#8211; das erste Kadettenjahr &#8211; weiter so! Zweitens freue ich mich \u00fcber die gro\u00dfartige Zusammenarbeit im Sch\u00fclerbereich des Judo LV O\u00d6 zwischen den verschiedenen Vereinen &#8211; ich hoffe ich darf weiterhin auf eure Unterst\u00fctzung z\u00e4hlen!&#8220; &#8211; Florian Doppelhammer (Sch\u00fcler-Landesreferent Judo LV O\u00d6)<\/p>\n<div class=\"text_exposed_show\">\n<p><img decoding=\"async\" loading=\"lazy\" class=\"size-large wp-image-2777 aligncenter\" src=\"https:\/\/judo-ooelv.at\/wp-content\/uploads\/2019\/11\/74570441_3009183325762782_735667806917361664_o-1024x473.jpg\" alt=\"\" width=\"1024\" height=\"473\" srcset=\"https:\/\/judo-ooelv.at\/wp-content\/uploads\/2019\/11\/74570441_3009183325762782_735667806917361664_o-1024x473.jpg 1024w, https:\/\/judo-ooelv.at\/wp-content\/uploads\/2019\/11\/74570441_3009183325762782_735667806917361664_o-300x138.jpg 300w, https:\/\/judo-ooelv.at\/wp-content\/uploads\/2019\/11\/74570441_3009183325762782_735667806917361664_o-768x354.jpg 768w, https:\/\/judo-ooelv.at\/wp-content\/uploads\/2019\/11\/74570441_3009183325762782_735667806917361664_o.jpg 1599w\" sizes=\"(max-width: 1024px) 100vw, 1024px\" \/><\/p>\n<\/div>\n","protected":false},"excerpt":{"rendered":"<p>W\u00e4hrend in Ober\u00f6sterreich das j\u00e4hrliche Judoforum abgehalten wurde, konnte unser O\u00d6-U14\/16-Team ein weiteres Mal bei&#8230;<\/p>\n","protected":false},"author":12,"featured_media":2778,"comment_status":"closed","ping_status":"closed","sticky":false,"template":"","format":"standard","meta":{"_cbd_carousel_blocks":"[]","jetpack_publicize_message":"","jetpack_is_tweetstorm":false,"jetpack_publicize_feature_enabled":true,"jetpack_social_post_already_shared":true,"jetpack_social_options":{"image_generator_settings":{"template":"highway","enabled":false}}},"categories":[1],"tags":[],"jetpack_publicize_connections":[],"jetpack_featured_media_url":"https:\/\/judo-ooelv.at\/wp-content\/uploads\/2019\/11\/75341010_3009183395762775_952772914761957376_o.jpg","_links":{"self":[{"href":"https:\/\/judo-ooelv.at\/index.php?rest_route=\/wp\/v2\/posts\/2776"}],"collection":[{"href":"https:\/\/judo-ooelv.at\/index.php?rest_route=\/wp\/v2\/posts"}],"about":[{"href":"https:\/\/judo-ooelv.at\/index.php?rest_route=\/wp\/v2\/types\/post"}],"author":[{"embeddable":true,"href":"https:\/\/judo-ooelv.at\/index.php?rest_route=\/wp\/v2\/users\/12"}],"replies":[{"embeddable":true,"href":"https:\/\/judo-ooelv.at\/index.php?rest_route=%2Fwp%2Fv2%2Fcomments&post=2776"}],"version-history":[{"count":2,"href":"https:\/\/judo-ooelv.at\/index.php?rest_route=\/wp\/v2\/posts\/2776\/revisions"}],"predecessor-version":[{"id":2786,"href":"https:\/\/judo-ooelv.at\/index.php?rest_route=\/wp\/v2\/posts\/2776\/revisions\/2786"}],"wp:featuredmedia":[{"embeddable":true,"href":"https:\/\/judo-ooelv.at\/index.php?rest_route=\/wp\/v2\/media\/2778"}],"wp:attachment":[{"href":"https:\/\/judo-ooelv.at\/index.php?rest_route=%2Fwp%2Fv2%2Fmedia&parent=2776"}],"wp:term":[{"taxonomy":"category","embeddable":true,"href":"https:\/\/judo-ooelv.at\/index.php?rest_route=%2Fwp%2Fv2%2Fcategories&post=2776"},{"taxonomy":"post_tag","embeddable":true,"href":"https:\/\/judo-ooelv.at\/index.php?rest_route=%2Fwp%2Fv2%2Ftags&post=2776"}],"curies":[{"name":"wp","href":"https:\/\/api.w.org\/{rel}","templated":true}]}}