{"id":2960,"date":"2020-01-25T10:51:43","date_gmt":"2020-01-25T09:51:43","guid":{"rendered":"https:\/\/judo-ooelv.at\/?p=2960"},"modified":"2020-01-25T12:52:01","modified_gmt":"2020-01-25T11:52:01","slug":"landeskampfrichterkurs-ooe-2020","status":"publish","type":"post","link":"https:\/\/judo-ooelv.at\/?p=2960","title":{"rendered":"Landeskampfrichterkurs O\u00d6 2020"},"content":{"rendered":"<p>Am Freitag 24. und Samstag 25. J\u00e4nner 2020 fand im Langholzfelderhof in Pasching der O\u00d6 Landeskampfrichterkurs statt.<\/p>\n<p>Unter der Leitung der Int. Kampfrichter aus Ober\u00f6sterreich Judit Pisarova, Roland Kasper und Harald Ruthner sowie Gerald Eidenberger, Mitglied der Kampfrichterkommision des \u00d6JV wurden die aktuellsten Regelauslegungen sowie wichtige Punkt f\u00fcr die Arbeit als Kampfrichter erarbeitet.<\/p>\n<p>Zur Mattenarbeit am Samstag Vormittag wurden mit Landestrainer Klaus-Peter Stollberg praktische Beispiele aus der aktuellen Regelauslegung des Int. Kampfrichterkurs in Doha sowie Fragen und Vorf\u00e4lle aus den letzten Turnieren und Meisterschaften vorgezeigt.<\/p>\n<p>Erfreulicherweise legten im Rahmen des Kurses wieder zwei junge Sportler die theoretische Pr\u00fcfung zum Junior-Referee ab.<\/p>\n<p>Malek Ben Saad (LZ Multikraft Wels) und Luca Vianello (UJZ M\u00fchlviertel) werden bei der Sch\u00fcler Landesmeisterschaft am 22. M\u00e4rz zur praktische Kampfrichterpr\u00fcfung antreten.<\/p>\n","protected":false},"excerpt":{"rendered":"<p>Am Freitag 24. und Samstag 25. J\u00e4nner 2020 fand im Langholzfelderhof in Pasching der O\u00d6&#8230;<\/p>\n","protected":false},"author":4,"featured_media":2962,"comment_status":"closed","ping_status":"closed","sticky":false,"template":"","format":"standard","meta":{"_cbd_carousel_blocks":"[]","jetpack_publicize_message":"","jetpack_is_tweetstorm":false,"jetpack_publicize_feature_enabled":true,"jetpack_social_post_already_shared":true,"jetpack_social_options":{"image_generator_settings":{"template":"highway","enabled":false}}},"categories":[1],"tags":[],"jetpack_publicize_connections":[],"jetpack_featured_media_url":"https:\/\/judo-ooelv.at\/wp-content\/uploads\/2020\/01\/LKR2020.jpeg","_links":{"self":[{"href":"https:\/\/judo-ooelv.at\/index.php?rest_route=\/wp\/v2\/posts\/2960"}],"collection":[{"href":"https:\/\/judo-ooelv.at\/index.php?rest_route=\/wp\/v2\/posts"}],"about":[{"href":"https:\/\/judo-ooelv.at\/index.php?rest_route=\/wp\/v2\/types\/post"}],"author":[{"embeddable":true,"href":"https:\/\/judo-ooelv.at\/index.php?rest_route=\/wp\/v2\/users\/4"}],"replies":[{"embeddable":true,"href":"https:\/\/judo-ooelv.at\/index.php?rest_route=%2Fwp%2Fv2%2Fcomments&post=2960"}],"version-history":[{"count":3,"href":"https:\/\/judo-ooelv.at\/index.php?rest_route=\/wp\/v2\/posts\/2960\/revisions"}],"predecessor-version":[{"id":2965,"href":"https:\/\/judo-ooelv.at\/index.php?rest_route=\/wp\/v2\/posts\/2960\/revisions\/2965"}],"wp:featuredmedia":[{"embeddable":true,"href":"https:\/\/judo-ooelv.at\/index.php?rest_route=\/wp\/v2\/media\/2962"}],"wp:attachment":[{"href":"https:\/\/judo-ooelv.at\/index.php?rest_route=%2Fwp%2Fv2%2Fmedia&parent=2960"}],"wp:term":[{"taxonomy":"category","embeddable":true,"href":"https:\/\/judo-ooelv.at\/index.php?rest_route=%2Fwp%2Fv2%2Fcategories&post=2960"},{"taxonomy":"post_tag","embeddable":true,"href":"https:\/\/judo-ooelv.at\/index.php?rest_route=%2Fwp%2Fv2%2Ftags&post=2960"}],"curies":[{"name":"wp","href":"https:\/\/api.w.org\/{rel}","templated":true}]}}