{"id":2968,"date":"2020-01-26T20:26:55","date_gmt":"2020-01-26T19:26:55","guid":{"rendered":"https:\/\/judo-ooelv.at\/?p=2968"},"modified":"2020-01-26T20:26:55","modified_gmt":"2020-01-26T19:26:55","slug":"schueler-landeskader-startet-ins-neue-jahr","status":"publish","type":"post","link":"https:\/\/judo-ooelv.at\/?p=2968","title":{"rendered":"SCH\u00dcLER-LANDESKADER STARTET INS NEUE JAHR!"},"content":{"rendered":"<p>Heute fand im Judozentrum am Landessportzentrum Linz das erste Sch\u00fcler-Landeskadertraining der Saison 2020 statt. Mit \u00fcber 100 TeilnehmerInnen aus beinahe allen ober\u00f6sterreichischen Vereinen, sowie zus\u00e4tzlichen Judokas einer s\u00fcdb\u00f6hmischen Auswahl aus Tschechien, war dies der bestbesuchte Kadertrainingstag seit der Einf\u00fchrung dieser, was auch Sch\u00fcler-Landesreferent Florian Doppelhammer begeisterte: &#8222;Also heute sind wir fast an unseren Kapazit\u00e4tsgrenzen angelangt, aber ich bin froh das ich jedesmal auf die Mithilfe zahlreicher Vereinstrainer z\u00e4hlen kann, durch das wir auch mit so gro\u00dfem Andrang immer wieder fertig werden. Die Kinder haben tolle Trainingsleistungen gezeigt, hoffentlich k\u00f6nnen sie das auch auf den kommenden Turnieren abrufen!&#8220;<\/p>\n<p>Viel Erfolg dem ober\u00f6stererichischen Sch\u00fcler-Team f\u00fcrs Jahr 2020!<\/p>\n<div id='gallery-1' class='gallery galleryid-2968 gallery-columns-2 gallery-size-thumbnail'><figure class='gallery-item'>\n\t\t\t<div class='gallery-icon landscape'>\n\t\t\t\t<a href='https:\/\/judo-ooelv.at\/wp-content\/uploads\/2020\/01\/WhatsApp-Image-2020-01-26-at-14.50.45.jpeg'><img width=\"150\" height=\"150\" src=\"https:\/\/judo-ooelv.at\/wp-content\/uploads\/2020\/01\/WhatsApp-Image-2020-01-26-at-14.50.45-150x150.jpeg\" class=\"attachment-thumbnail size-thumbnail\" alt=\"\" decoding=\"async\" loading=\"lazy\" srcset=\"https:\/\/judo-ooelv.at\/wp-content\/uploads\/2020\/01\/WhatsApp-Image-2020-01-26-at-14.50.45-150x150.jpeg 150w, https:\/\/judo-ooelv.at\/wp-content\/uploads\/2020\/01\/WhatsApp-Image-2020-01-26-at-14.50.45-200x200.jpeg 200w\" sizes=\"(max-width: 150px) 100vw, 150px\" \/><\/a>\n\t\t\t<\/div><\/figure><figure class='gallery-item'>\n\t\t\t<div class='gallery-icon landscape'>\n\t\t\t\t<a href='https:\/\/judo-ooelv.at\/wp-content\/uploads\/2020\/01\/WhatsApp-Image-2020-01-26-at-10.39.18.jpeg'><img width=\"150\" height=\"150\" src=\"https:\/\/judo-ooelv.at\/wp-content\/uploads\/2020\/01\/WhatsApp-Image-2020-01-26-at-10.39.18-150x150.jpeg\" class=\"attachment-thumbnail size-thumbnail\" alt=\"\" decoding=\"async\" loading=\"lazy\" srcset=\"https:\/\/judo-ooelv.at\/wp-content\/uploads\/2020\/01\/WhatsApp-Image-2020-01-26-at-10.39.18-150x150.jpeg 150w, https:\/\/judo-ooelv.at\/wp-content\/uploads\/2020\/01\/WhatsApp-Image-2020-01-26-at-10.39.18-200x200.jpeg 200w\" sizes=\"(max-width: 150px) 100vw, 150px\" \/><\/a>\n\t\t\t<\/div><\/figure><figure class='gallery-item'>\n\t\t\t<div class='gallery-icon landscape'>\n\t\t\t\t<a href='https:\/\/judo-ooelv.at\/wp-content\/uploads\/2020\/01\/WhatsApp-Image-2020-01-26-at-10.39.19.jpeg'><img width=\"150\" height=\"150\" src=\"https:\/\/judo-ooelv.at\/wp-content\/uploads\/2020\/01\/WhatsApp-Image-2020-01-26-at-10.39.19-150x150.jpeg\" class=\"attachment-thumbnail size-thumbnail\" alt=\"\" decoding=\"async\" loading=\"lazy\" srcset=\"https:\/\/judo-ooelv.at\/wp-content\/uploads\/2020\/01\/WhatsApp-Image-2020-01-26-at-10.39.19-150x150.jpeg 150w, https:\/\/judo-ooelv.at\/wp-content\/uploads\/2020\/01\/WhatsApp-Image-2020-01-26-at-10.39.19-200x200.jpeg 200w\" sizes=\"(max-width: 150px) 100vw, 150px\" \/><\/a>\n\t\t\t<\/div><\/figure><figure class='gallery-item'>\n\t\t\t<div class='gallery-icon landscape'>\n\t\t\t\t<a href='https:\/\/judo-ooelv.at\/wp-content\/uploads\/2020\/01\/WhatsApp-Image-2020-01-26-at-10.39.27.jpeg'><img width=\"150\" height=\"150\" src=\"https:\/\/judo-ooelv.at\/wp-content\/uploads\/2020\/01\/WhatsApp-Image-2020-01-26-at-10.39.27-150x150.jpeg\" class=\"attachment-thumbnail size-thumbnail\" alt=\"\" decoding=\"async\" loading=\"lazy\" srcset=\"https:\/\/judo-ooelv.at\/wp-content\/uploads\/2020\/01\/WhatsApp-Image-2020-01-26-at-10.39.27-150x150.jpeg 150w, https:\/\/judo-ooelv.at\/wp-content\/uploads\/2020\/01\/WhatsApp-Image-2020-01-26-at-10.39.27-200x200.jpeg 200w\" sizes=\"(max-width: 150px) 100vw, 150px\" \/><\/a>\n\t\t\t<\/div><\/figure>\n\t\t<\/div>\n\n","protected":false},"excerpt":{"rendered":"<p>Heute fand im Judozentrum am Landessportzentrum Linz das erste Sch\u00fcler-Landeskadertraining der Saison 2020 statt. Mit&#8230;<\/p>\n","protected":false},"author":12,"featured_media":2970,"comment_status":"closed","ping_status":"closed","sticky":false,"template":"","format":"standard","meta":{"_cbd_carousel_blocks":"[]","jetpack_publicize_message":"SCH\u00dcLER-LANDESKADER STARTET INS NEUE JAHR!\r\n\r\n\u00dcber 100 Judoka nutzten das erste Sch\u00fcler-Landeskadertraining der neuen Saison!","jetpack_is_tweetstorm":false,"jetpack_publicize_feature_enabled":true,"jetpack_social_post_already_shared":true,"jetpack_social_options":{"image_generator_settings":{"template":"highway","enabled":false}}},"categories":[1],"tags":[],"jetpack_publicize_connections":[],"jetpack_featured_media_url":"https:\/\/judo-ooelv.at\/wp-content\/uploads\/2020\/01\/WhatsApp-Image-2020-01-26-at-10.39.18.jpeg","_links":{"self":[{"href":"https:\/\/judo-ooelv.at\/index.php?rest_route=\/wp\/v2\/posts\/2968"}],"collection":[{"href":"https:\/\/judo-ooelv.at\/index.php?rest_route=\/wp\/v2\/posts"}],"about":[{"href":"https:\/\/judo-ooelv.at\/index.php?rest_route=\/wp\/v2\/types\/post"}],"author":[{"embeddable":true,"href":"https:\/\/judo-ooelv.at\/index.php?rest_route=\/wp\/v2\/users\/12"}],"replies":[{"embeddable":true,"href":"https:\/\/judo-ooelv.at\/index.php?rest_route=%2Fwp%2Fv2%2Fcomments&post=2968"}],"version-history":[{"count":1,"href":"https:\/\/judo-ooelv.at\/index.php?rest_route=\/wp\/v2\/posts\/2968\/revisions"}],"predecessor-version":[{"id":2974,"href":"https:\/\/judo-ooelv.at\/index.php?rest_route=\/wp\/v2\/posts\/2968\/revisions\/2974"}],"wp:featuredmedia":[{"embeddable":true,"href":"https:\/\/judo-ooelv.at\/index.php?rest_route=\/wp\/v2\/media\/2970"}],"wp:attachment":[{"href":"https:\/\/judo-ooelv.at\/index.php?rest_route=%2Fwp%2Fv2%2Fmedia&parent=2968"}],"wp:term":[{"taxonomy":"category","embeddable":true,"href":"https:\/\/judo-ooelv.at\/index.php?rest_route=%2Fwp%2Fv2%2Fcategories&post=2968"},{"taxonomy":"post_tag","embeddable":true,"href":"https:\/\/judo-ooelv.at\/index.php?rest_route=%2Fwp%2Fv2%2Ftags&post=2968"}],"curies":[{"name":"wp","href":"https:\/\/api.w.org\/{rel}","templated":true}]}}