{"id":2990,"date":"2020-02-03T21:09:35","date_gmt":"2020-02-03T20:09:35","guid":{"rendered":"https:\/\/judo-ooelv.at\/?p=2990"},"modified":"2020-02-09T14:09:01","modified_gmt":"2020-02-09T13:09:01","slug":"trainerfortbildung-lv-oberoesterreich-salzburg","status":"publish","type":"post","link":"https:\/\/judo-ooelv.at\/?p=2990","title":{"rendered":"Trainerfortbildung LV Ober\u00f6sterreich + Salzburg"},"content":{"rendered":"<p>Die diesj\u00e4hrige Trainerfortbildung fand im Budokan Wels statt. Die interessanten Themen lockten 100 Judokas aus 2 Bundesl\u00e4ndern (O\u00d6 und Salzburg) in die Judohalle.<\/p>\n<p>Am Vormittag gab Nadine S\u00f6rensen (Polizistin\/ehem. Nationalteamk\u00e4mpferin) einfache Tipps und Tricks in Theorie und Praxis zum Thema Selbstverteidigung.<\/p>\n<p>Am Nachmittag waren gleich 2 Referenten am Werk.<\/p>\n<p>Ernst Hofer\/U18 Nationaltrainer \u2013 der f\u00fcr den erkrankten Sch\u00fcler-Landestrainer Florian Doppelhammer spontan einsprang (nochmals ein herzliches Dankesch\u00f6n daf\u00fcr) \u2013 stellte ein Trainingsmittel \u2013 das Theraband\u00a0 &#8211; das auch im Judotraining sehr gut einsetzbar ist vor.<\/p>\n<p>Weiters erl\u00e4uterte er einen einfachen Leistungstest, der schon im fortgeschrittenen Sch\u00fclerbereich\u00a0 aufgebaut werden kann.<\/p>\n<p>Der 2. Referent G\u00fcnter Deschka zeigte uns einen kleinen Einblick bzgl. Handlungsketten. Dies ist ein Teil der Kyu-Pr\u00fcfungen. Diese Thematik werden wir gesondert in einer extra Fortbildung nochmals aufnehmen.<\/p>\n<p>Res\u00fcmee\u00a0 &#8211;\u00a0 eine sehr gelungene Fortbildung (wurde vor Ort gleich von zahlreichen TN mitgeteilt).<\/p>\n<p>Wir werden auch weiterhin die Zusammenarbeit\u00a0 mit dem LV Salzburg in der Trainerfortbildung fortf\u00fchren.<\/p>\n<div id='gallery-1' class='gallery galleryid-2990 gallery-columns-3 gallery-size-thumbnail'><figure class='gallery-item'>\n\t\t\t<div class='gallery-icon landscape'>\n\t\t\t\t<a href='https:\/\/judo-ooelv.at\/?attachment_id=2991'><img width=\"150\" height=\"150\" src=\"https:\/\/judo-ooelv.at\/wp-content\/uploads\/2020\/02\/WhatsApp-Image-2020-02-03-at-10.05.32-150x150.jpeg\" class=\"attachment-thumbnail size-thumbnail\" alt=\"\" decoding=\"async\" loading=\"lazy\" srcset=\"https:\/\/judo-ooelv.at\/wp-content\/uploads\/2020\/02\/WhatsApp-Image-2020-02-03-at-10.05.32-150x150.jpeg 150w, https:\/\/judo-ooelv.at\/wp-content\/uploads\/2020\/02\/WhatsApp-Image-2020-02-03-at-10.05.32-200x200.jpeg 200w\" sizes=\"(max-width: 150px) 100vw, 150px\" \/><\/a>\n\t\t\t<\/div><\/figure><figure class='gallery-item'>\n\t\t\t<div class='gallery-icon landscape'>\n\t\t\t\t<a href='https:\/\/judo-ooelv.at\/?attachment_id=2992'><img width=\"150\" height=\"150\" src=\"https:\/\/judo-ooelv.at\/wp-content\/uploads\/2020\/02\/WhatsApp-Image-2020-02-03-at-10.05.341-150x150.jpeg\" class=\"attachment-thumbnail size-thumbnail\" alt=\"\" decoding=\"async\" loading=\"lazy\" srcset=\"https:\/\/judo-ooelv.at\/wp-content\/uploads\/2020\/02\/WhatsApp-Image-2020-02-03-at-10.05.341-150x150.jpeg 150w, https:\/\/judo-ooelv.at\/wp-content\/uploads\/2020\/02\/WhatsApp-Image-2020-02-03-at-10.05.341-200x200.jpeg 200w\" sizes=\"(max-width: 150px) 100vw, 150px\" \/><\/a>\n\t\t\t<\/div><\/figure><figure class='gallery-item'>\n\t\t\t<div class='gallery-icon landscape'>\n\t\t\t\t<a href='https:\/\/judo-ooelv.at\/?attachment_id=2993'><img width=\"150\" height=\"150\" src=\"https:\/\/judo-ooelv.at\/wp-content\/uploads\/2020\/02\/WhatsApp-Image-2020-02-03-at-10.05.34-150x150.jpeg\" class=\"attachment-thumbnail size-thumbnail\" alt=\"\" decoding=\"async\" loading=\"lazy\" srcset=\"https:\/\/judo-ooelv.at\/wp-content\/uploads\/2020\/02\/WhatsApp-Image-2020-02-03-at-10.05.34-150x150.jpeg 150w, https:\/\/judo-ooelv.at\/wp-content\/uploads\/2020\/02\/WhatsApp-Image-2020-02-03-at-10.05.34-200x200.jpeg 200w\" sizes=\"(max-width: 150px) 100vw, 150px\" \/><\/a>\n\t\t\t<\/div><\/figure><figure class='gallery-item'>\n\t\t\t<div class='gallery-icon landscape'>\n\t\t\t\t<a href='https:\/\/judo-ooelv.at\/?attachment_id=2994'><img width=\"150\" height=\"150\" src=\"https:\/\/judo-ooelv.at\/wp-content\/uploads\/2020\/02\/WhatsApp-Image-2020-02-03-at-10.05.333-150x150.jpeg\" class=\"attachment-thumbnail size-thumbnail\" alt=\"\" decoding=\"async\" loading=\"lazy\" srcset=\"https:\/\/judo-ooelv.at\/wp-content\/uploads\/2020\/02\/WhatsApp-Image-2020-02-03-at-10.05.333-150x150.jpeg 150w, https:\/\/judo-ooelv.at\/wp-content\/uploads\/2020\/02\/WhatsApp-Image-2020-02-03-at-10.05.333-200x200.jpeg 200w\" sizes=\"(max-width: 150px) 100vw, 150px\" \/><\/a>\n\t\t\t<\/div><\/figure><figure class='gallery-item'>\n\t\t\t<div class='gallery-icon landscape'>\n\t\t\t\t<a href='https:\/\/judo-ooelv.at\/?attachment_id=2995'><img width=\"150\" height=\"150\" src=\"https:\/\/judo-ooelv.at\/wp-content\/uploads\/2020\/02\/WhatsApp-Image-2020-02-03-at-10.05.332-150x150.jpeg\" class=\"attachment-thumbnail size-thumbnail\" alt=\"\" decoding=\"async\" loading=\"lazy\" srcset=\"https:\/\/judo-ooelv.at\/wp-content\/uploads\/2020\/02\/WhatsApp-Image-2020-02-03-at-10.05.332-150x150.jpeg 150w, https:\/\/judo-ooelv.at\/wp-content\/uploads\/2020\/02\/WhatsApp-Image-2020-02-03-at-10.05.332-200x200.jpeg 200w\" sizes=\"(max-width: 150px) 100vw, 150px\" \/><\/a>\n\t\t\t<\/div><\/figure><figure class='gallery-item'>\n\t\t\t<div class='gallery-icon landscape'>\n\t\t\t\t<a href='https:\/\/judo-ooelv.at\/?attachment_id=2996'><img width=\"150\" height=\"150\" src=\"https:\/\/judo-ooelv.at\/wp-content\/uploads\/2020\/02\/WhatsApp-Image-2020-02-03-at-10.05.331-150x150.jpeg\" class=\"attachment-thumbnail size-thumbnail\" alt=\"\" decoding=\"async\" loading=\"lazy\" srcset=\"https:\/\/judo-ooelv.at\/wp-content\/uploads\/2020\/02\/WhatsApp-Image-2020-02-03-at-10.05.331-150x150.jpeg 150w, https:\/\/judo-ooelv.at\/wp-content\/uploads\/2020\/02\/WhatsApp-Image-2020-02-03-at-10.05.331-200x200.jpeg 200w\" sizes=\"(max-width: 150px) 100vw, 150px\" \/><\/a>\n\t\t\t<\/div><\/figure><figure class='gallery-item'>\n\t\t\t<div class='gallery-icon landscape'>\n\t\t\t\t<a href='https:\/\/judo-ooelv.at\/?attachment_id=2997'><img width=\"150\" height=\"150\" src=\"https:\/\/judo-ooelv.at\/wp-content\/uploads\/2020\/02\/WhatsApp-Image-2020-02-03-at-10.05.33-150x150.jpeg\" class=\"attachment-thumbnail size-thumbnail\" alt=\"\" decoding=\"async\" loading=\"lazy\" srcset=\"https:\/\/judo-ooelv.at\/wp-content\/uploads\/2020\/02\/WhatsApp-Image-2020-02-03-at-10.05.33-150x150.jpeg 150w, https:\/\/judo-ooelv.at\/wp-content\/uploads\/2020\/02\/WhatsApp-Image-2020-02-03-at-10.05.33-200x200.jpeg 200w\" sizes=\"(max-width: 150px) 100vw, 150px\" \/><\/a>\n\t\t\t<\/div><\/figure>\n\t\t<\/div>\n\n<p>Bericht und Bilder: Monika Kronberger, Ausbildungsreferentin Judo LV O\u00d6<\/p>\n<p><a href=\"https:\/\/judo-ooelv.at\/wp-content\/uploads\/2020\/02\/20200202-TFB-Unterlagen.zip\">Download der Unterlagen<\/a><\/p>\n","protected":false},"excerpt":{"rendered":"<p>Die diesj\u00e4hrige Trainerfortbildung fand im Budokan Wels statt. Die interessanten Themen lockten 100 Judokas aus&#8230;<\/p>\n","protected":false},"author":4,"featured_media":2991,"comment_status":"closed","ping_status":"closed","sticky":false,"template":"","format":"standard","meta":{"_cbd_carousel_blocks":"[]","jetpack_publicize_message":"","jetpack_is_tweetstorm":false,"jetpack_publicize_feature_enabled":true,"jetpack_social_post_already_shared":true,"jetpack_social_options":{"image_generator_settings":{"template":"highway","enabled":false}}},"categories":[1],"tags":[],"jetpack_publicize_connections":[],"jetpack_featured_media_url":"https:\/\/judo-ooelv.at\/wp-content\/uploads\/2020\/02\/WhatsApp-Image-2020-02-03-at-10.05.32.jpeg","_links":{"self":[{"href":"https:\/\/judo-ooelv.at\/index.php?rest_route=\/wp\/v2\/posts\/2990"}],"collection":[{"href":"https:\/\/judo-ooelv.at\/index.php?rest_route=\/wp\/v2\/posts"}],"about":[{"href":"https:\/\/judo-ooelv.at\/index.php?rest_route=\/wp\/v2\/types\/post"}],"author":[{"embeddable":true,"href":"https:\/\/judo-ooelv.at\/index.php?rest_route=\/wp\/v2\/users\/4"}],"replies":[{"embeddable":true,"href":"https:\/\/judo-ooelv.at\/index.php?rest_route=%2Fwp%2Fv2%2Fcomments&post=2990"}],"version-history":[{"count":2,"href":"https:\/\/judo-ooelv.at\/index.php?rest_route=\/wp\/v2\/posts\/2990\/revisions"}],"predecessor-version":[{"id":3005,"href":"https:\/\/judo-ooelv.at\/index.php?rest_route=\/wp\/v2\/posts\/2990\/revisions\/3005"}],"wp:featuredmedia":[{"embeddable":true,"href":"https:\/\/judo-ooelv.at\/index.php?rest_route=\/wp\/v2\/media\/2991"}],"wp:attachment":[{"href":"https:\/\/judo-ooelv.at\/index.php?rest_route=%2Fwp%2Fv2%2Fmedia&parent=2990"}],"wp:term":[{"taxonomy":"category","embeddable":true,"href":"https:\/\/judo-ooelv.at\/index.php?rest_route=%2Fwp%2Fv2%2Fcategories&post=2990"},{"taxonomy":"post_tag","embeddable":true,"href":"https:\/\/judo-ooelv.at\/index.php?rest_route=%2Fwp%2Fv2%2Ftags&post=2990"}],"curies":[{"name":"wp","href":"https:\/\/api.w.org\/{rel}","templated":true}]}}