{"id":3024,"date":"2020-02-16T19:01:34","date_gmt":"2020-02-16T18:01:34","guid":{"rendered":"https:\/\/judo-ooelv.at\/?p=3024"},"modified":"2020-02-17T14:25:47","modified_gmt":"2020-02-17T13:25:47","slug":"paukenschlag-am-2-wettkampftag-in-oberwart-gold-fuer-wachid","status":"publish","type":"post","link":"https:\/\/judo-ooelv.at\/?p=3024","title":{"rendered":"Paukenschlag am 2. Wettkampftag in Oberwart, Gold f\u00fcr Wachid"},"content":{"rendered":"<p>Wachid Borchashvili (LZ Multikraft Wels) trainiert das 5.Jahr am Talentezentrum O\u00d6! Nach seinen Bronzemedaillen bei der EM u21 -66 kg (2018) und der EM u23 -73 kg (2019) konnte er bei seinem 1. Weltcupauftritt in der Klasse -81 kg \u00fcberzeugend Gold gewinnen. Schon am Mittwoch nach dem Training sagte er mir: &#8222;Stolli ich fahre nach Oberwart um zu gewinnen!!&#8220;<\/p>\n<p>Er startete mit klaren Siegen vs Ouerfelli (POL), Svec (CZE) und Cercea (ROM). Im 1\/4-Finale lie\u00df er Watanabe (JPN) keine Chance und schickte ihn nach der H\u00e4lfte der Kampzeit mit 3 Shido von der Matte. Genauso dominant gestaltete er sein Halbfinale vs Briand (CAN).<\/p>\n<p>Glanzpunkt des Tages war dann der Sieg im Finale im Golden Scoore mit Ippon f\u00fcr Ura-Nage!<\/p>\n<div id='gallery-1' class='gallery galleryid-3024 gallery-columns-3 gallery-size-thumbnail'><figure class='gallery-item'>\n\t\t\t<div class='gallery-icon landscape'>\n\t\t\t\t<a href='https:\/\/judo-ooelv.at\/?attachment_id=3033'><img width=\"150\" height=\"150\" src=\"https:\/\/judo-ooelv.at\/wp-content\/uploads\/2020\/02\/Wachid-1-150x150.jpg\" class=\"attachment-thumbnail size-thumbnail\" alt=\"\" decoding=\"async\" loading=\"lazy\" aria-describedby=\"gallery-1-3033\" srcset=\"https:\/\/judo-ooelv.at\/wp-content\/uploads\/2020\/02\/Wachid-1-150x150.jpg 150w, https:\/\/judo-ooelv.at\/wp-content\/uploads\/2020\/02\/Wachid-1-200x200.jpg 200w\" sizes=\"(max-width: 150px) 100vw, 150px\" \/><\/a>\n\t\t\t<\/div>\n\t\t\t\t<figcaption class='wp-caption-text gallery-caption' id='gallery-1-3033'>\n\t\t\t\tFoto: EJU \/ Roland Marx\n\t\t\t\t<\/figcaption><\/figure><figure class='gallery-item'>\n\t\t\t<div class='gallery-icon landscape'>\n\t\t\t\t<a href='https:\/\/judo-ooelv.at\/?attachment_id=3037'><img width=\"150\" height=\"150\" src=\"https:\/\/judo-ooelv.at\/wp-content\/uploads\/2020\/02\/Wachid-2-150x150.jpg\" class=\"attachment-thumbnail size-thumbnail\" alt=\"\" decoding=\"async\" loading=\"lazy\" aria-describedby=\"gallery-1-3037\" srcset=\"https:\/\/judo-ooelv.at\/wp-content\/uploads\/2020\/02\/Wachid-2-150x150.jpg 150w, https:\/\/judo-ooelv.at\/wp-content\/uploads\/2020\/02\/Wachid-2-200x200.jpg 200w\" sizes=\"(max-width: 150px) 100vw, 150px\" \/><\/a>\n\t\t\t<\/div>\n\t\t\t\t<figcaption class='wp-caption-text gallery-caption' id='gallery-1-3037'>\n\t\t\t\tFoto: EJU \/ Roland Marx\n\t\t\t\t<\/figcaption><\/figure><figure class='gallery-item'>\n\t\t\t<div class='gallery-icon landscape'>\n\t\t\t\t<a href='https:\/\/judo-ooelv.at\/?attachment_id=3036'><img width=\"150\" height=\"150\" src=\"https:\/\/judo-ooelv.at\/wp-content\/uploads\/2020\/02\/Wachid-3-150x150.jpg\" class=\"attachment-thumbnail size-thumbnail\" alt=\"\" decoding=\"async\" loading=\"lazy\" aria-describedby=\"gallery-1-3036\" srcset=\"https:\/\/judo-ooelv.at\/wp-content\/uploads\/2020\/02\/Wachid-3-150x150.jpg 150w, https:\/\/judo-ooelv.at\/wp-content\/uploads\/2020\/02\/Wachid-3-200x200.jpg 200w\" sizes=\"(max-width: 150px) 100vw, 150px\" \/><\/a>\n\t\t\t<\/div>\n\t\t\t\t<figcaption class='wp-caption-text gallery-caption' id='gallery-1-3036'>\n\t\t\t\tFoto: EJU \/ Roland Marx\n\t\t\t\t<\/figcaption><\/figure><figure class='gallery-item'>\n\t\t\t<div class='gallery-icon landscape'>\n\t\t\t\t<a href='https:\/\/judo-ooelv.at\/?attachment_id=3035'><img width=\"150\" height=\"150\" src=\"https:\/\/judo-ooelv.at\/wp-content\/uploads\/2020\/02\/Wachid-4-150x150.jpg\" class=\"attachment-thumbnail size-thumbnail\" alt=\"\" decoding=\"async\" loading=\"lazy\" aria-describedby=\"gallery-1-3035\" srcset=\"https:\/\/judo-ooelv.at\/wp-content\/uploads\/2020\/02\/Wachid-4-150x150.jpg 150w, https:\/\/judo-ooelv.at\/wp-content\/uploads\/2020\/02\/Wachid-4-200x200.jpg 200w\" sizes=\"(max-width: 150px) 100vw, 150px\" \/><\/a>\n\t\t\t<\/div>\n\t\t\t\t<figcaption class='wp-caption-text gallery-caption' id='gallery-1-3035'>\n\t\t\t\tFoto: EJU \/ Roland Marx\n\t\t\t\t<\/figcaption><\/figure><figure class='gallery-item'>\n\t\t\t<div class='gallery-icon landscape'>\n\t\t\t\t<a href='https:\/\/judo-ooelv.at\/?attachment_id=3034'><img width=\"150\" height=\"150\" src=\"https:\/\/judo-ooelv.at\/wp-content\/uploads\/2020\/02\/Wachid-5-150x150.jpg\" class=\"attachment-thumbnail size-thumbnail\" alt=\"\" decoding=\"async\" loading=\"lazy\" aria-describedby=\"gallery-1-3034\" srcset=\"https:\/\/judo-ooelv.at\/wp-content\/uploads\/2020\/02\/Wachid-5-150x150.jpg 150w, https:\/\/judo-ooelv.at\/wp-content\/uploads\/2020\/02\/Wachid-5-200x200.jpg 200w\" sizes=\"(max-width: 150px) 100vw, 150px\" \/><\/a>\n\t\t\t<\/div>\n\t\t\t\t<figcaption class='wp-caption-text gallery-caption' id='gallery-1-3034'>\n\t\t\t\tFoto: EJU \/ Roland Marx\n\t\t\t\t<\/figcaption><\/figure>\n\t\t<\/div>\n\n<p>Leider blieb f\u00fcr unseren 2. Starter am heutigen Tag Daniel Allerstorfer (UJZ) nach sehr guten K\u00e4mpfen am Ende nur der undankbare 5.Platz. Nach seinem Auftaktsieg vs Arvai (HUN) wurde er im 2. Kampf vs Brachev (RUS) nach einem beherzten O-Uchi-gari Angriff buchst\u00e4blich in der letzten sec gekontert. In der Hoffnungsrunde lie\u00df er dann Zalagh (FRA) keine Chance. Im Kampf um Bronze vs Odkhuu (MGL) konnte er seine Waza-Ari F\u00fchrung leider nicht \u00fcber die Zeit bringen und unterlag mit Ippon.<\/p>\n<p>Wir gratulieren unseren Startern in Oberwart zu der Mannschaftsleistung der O\u00d6-K\u00e4mpfer!!<img decoding=\"async\" loading=\"lazy\" class=\"alignnone size-medium wp-image-3026\" src=\"https:\/\/judo-ooelv.at\/wp-content\/uploads\/2020\/02\/Oberwart-wachid3-002-300x225.jpg\" alt=\"\" width=\"300\" height=\"225\" srcset=\"https:\/\/judo-ooelv.at\/wp-content\/uploads\/2020\/02\/Oberwart-wachid3-002-300x225.jpg 300w, https:\/\/judo-ooelv.at\/wp-content\/uploads\/2020\/02\/Oberwart-wachid3-002-1024x768.jpg 1024w, https:\/\/judo-ooelv.at\/wp-content\/uploads\/2020\/02\/Oberwart-wachid3-002-768x576.jpg 768w, https:\/\/judo-ooelv.at\/wp-content\/uploads\/2020\/02\/Oberwart-wachid3-002-1536x1152.jpg 1536w, https:\/\/judo-ooelv.at\/wp-content\/uploads\/2020\/02\/Oberwart-wachid3-002.jpg 1600w\" sizes=\"(max-width: 300px) 100vw, 300px\" \/><\/p>\n","protected":false},"excerpt":{"rendered":"<p>Wachid Borchashvili (LZ Multikraft Wels) trainiert das 5.Jahr am Talentezentrum O\u00d6! Nach seinen Bronzemedaillen bei&#8230;<\/p>\n","protected":false},"author":9,"featured_media":3025,"comment_status":"closed","ping_status":"closed","sticky":false,"template":"","format":"standard","meta":{"_cbd_carousel_blocks":"[]","jetpack_publicize_message":"","jetpack_is_tweetstorm":false,"jetpack_publicize_feature_enabled":true,"jetpack_social_post_already_shared":true,"jetpack_social_options":{"image_generator_settings":{"template":"highway","enabled":false}}},"categories":[1],"tags":[],"jetpack_publicize_connections":[],"jetpack_featured_media_url":"https:\/\/judo-ooelv.at\/wp-content\/uploads\/2020\/02\/Oberwart-Wachid1-006.png","_links":{"self":[{"href":"https:\/\/judo-ooelv.at\/index.php?rest_route=\/wp\/v2\/posts\/3024"}],"collection":[{"href":"https:\/\/judo-ooelv.at\/index.php?rest_route=\/wp\/v2\/posts"}],"about":[{"href":"https:\/\/judo-ooelv.at\/index.php?rest_route=\/wp\/v2\/types\/post"}],"author":[{"embeddable":true,"href":"https:\/\/judo-ooelv.at\/index.php?rest_route=\/wp\/v2\/users\/9"}],"replies":[{"embeddable":true,"href":"https:\/\/judo-ooelv.at\/index.php?rest_route=%2Fwp%2Fv2%2Fcomments&post=3024"}],"version-history":[{"count":3,"href":"https:\/\/judo-ooelv.at\/index.php?rest_route=\/wp\/v2\/posts\/3024\/revisions"}],"predecessor-version":[{"id":3038,"href":"https:\/\/judo-ooelv.at\/index.php?rest_route=\/wp\/v2\/posts\/3024\/revisions\/3038"}],"wp:featuredmedia":[{"embeddable":true,"href":"https:\/\/judo-ooelv.at\/index.php?rest_route=\/wp\/v2\/media\/3025"}],"wp:attachment":[{"href":"https:\/\/judo-ooelv.at\/index.php?rest_route=%2Fwp%2Fv2%2Fmedia&parent=3024"}],"wp:term":[{"taxonomy":"category","embeddable":true,"href":"https:\/\/judo-ooelv.at\/index.php?rest_route=%2Fwp%2Fv2%2Fcategories&post=3024"},{"taxonomy":"post_tag","embeddable":true,"href":"https:\/\/judo-ooelv.at\/index.php?rest_route=%2Fwp%2Fv2%2Ftags&post=3024"}],"curies":[{"name":"wp","href":"https:\/\/api.w.org\/{rel}","templated":true}]}}