{"id":3442,"date":"2020-11-01T14:36:19","date_gmt":"2020-11-01T13:36:19","guid":{"rendered":"https:\/\/judo-ooelv.at\/?p=3442"},"modified":"2020-11-01T14:36:19","modified_gmt":"2020-11-01T13:36:19","slug":"spitzensport-laeuft-weiter","status":"publish","type":"post","link":"https:\/\/judo-ooelv.at\/?p=3442","title":{"rendered":"Spitzensport l\u00e4uft weiter"},"content":{"rendered":"<p style=\"text-align: center;\">Die\u00a0 Bundesregierung hat die angek\u00fcndigten \u201estrengeren Ma\u00dfnahmen und drastische Einschnitte\u201c zur Eind\u00e4mmung der steigenden COVID-19-Infektionszahlen am Samstag im Detail bekanntgegeben.<\/p>\n<p style=\"text-align: center;\"><strong>Die neue Verordnung wird mit 3. November in Kraft treten<\/strong> und dann f\u00fcr mindestens vier Wochen G\u00fcltigkeit haben.<\/p>\n<p style=\"text-align: center;\">Ein allgemeines Veranstaltungsverbot ist vorgesehen \u2013 zu den Ausnahmen werden auch \u201eSportveranstaltungen im Spitzensport\u201c z\u00e4hlen und zwar ohne Zuschauerbeteiligung bzw. unter strenger Einhaltung von Abstands- und Hygieneregeln.<\/p>\n<p style=\"text-align: center;\">Ein Judo-Training f\u00fcr die Allgemeinheit wird bis auf Weiteres nicht mehr m\u00f6glich sein. Sobald wir die Verordnung im Detail vorliegen haben, werden wir in bew\u00e4hrter Form die neuen Verhaltensregeln und Vorschriften an die Judo-Community weiterleiten\u201c, verspricht \u00d6JV-Sportdirektor Markus Moser.<\/p>\n<p><a href=\"https:\/\/judo-ooelv.at\/?attachment_id=3443\" rel=\"attachment wp-att-3443\"><img decoding=\"async\" loading=\"lazy\" class=\"wp-image-3443 aligncenter\" src=\"https:\/\/judo-ooelv.at\/wp-content\/uploads\/2020\/11\/123139611_3480611228641749_3985553550482192718_n-300x300.jpg\" alt=\"\" width=\"416\" height=\"417\" srcset=\"https:\/\/judo-ooelv.at\/wp-content\/uploads\/2020\/11\/123139611_3480611228641749_3985553550482192718_n-300x300.jpg 300w, https:\/\/judo-ooelv.at\/wp-content\/uploads\/2020\/11\/123139611_3480611228641749_3985553550482192718_n-150x150.jpg 150w, https:\/\/judo-ooelv.at\/wp-content\/uploads\/2020\/11\/123139611_3480611228641749_3985553550482192718_n-768x768.jpg 768w, https:\/\/judo-ooelv.at\/wp-content\/uploads\/2020\/11\/123139611_3480611228641749_3985553550482192718_n-200x200.jpg 200w, https:\/\/judo-ooelv.at\/wp-content\/uploads\/2020\/11\/123139611_3480611228641749_3985553550482192718_n.jpg 800w\" sizes=\"(max-width: 416px) 100vw, 416px\" \/><\/a><\/p>\n","protected":false},"excerpt":{"rendered":"<p>Die\u00a0 Bundesregierung hat die angek\u00fcndigten \u201estrengeren Ma\u00dfnahmen und drastische Einschnitte\u201c zur Eind\u00e4mmung der steigenden COVID-19-Infektionszahlen&#8230;<\/p>\n","protected":false},"author":8,"featured_media":3444,"comment_status":"closed","ping_status":"closed","sticky":false,"template":"","format":"standard","meta":{"_cbd_carousel_blocks":"[]","jetpack_publicize_message":"Spitzensport l\u00e4uft weiter","jetpack_is_tweetstorm":false,"jetpack_publicize_feature_enabled":true,"jetpack_social_post_already_shared":true,"jetpack_social_options":{"image_generator_settings":{"template":"highway","enabled":false}}},"categories":[1],"tags":[],"jetpack_publicize_connections":[],"jetpack_featured_media_url":"https:\/\/judo-ooelv.at\/wp-content\/uploads\/2020\/11\/20201101_141226.jpg","_links":{"self":[{"href":"https:\/\/judo-ooelv.at\/index.php?rest_route=\/wp\/v2\/posts\/3442"}],"collection":[{"href":"https:\/\/judo-ooelv.at\/index.php?rest_route=\/wp\/v2\/posts"}],"about":[{"href":"https:\/\/judo-ooelv.at\/index.php?rest_route=\/wp\/v2\/types\/post"}],"author":[{"embeddable":true,"href":"https:\/\/judo-ooelv.at\/index.php?rest_route=\/wp\/v2\/users\/8"}],"replies":[{"embeddable":true,"href":"https:\/\/judo-ooelv.at\/index.php?rest_route=%2Fwp%2Fv2%2Fcomments&post=3442"}],"version-history":[{"count":1,"href":"https:\/\/judo-ooelv.at\/index.php?rest_route=\/wp\/v2\/posts\/3442\/revisions"}],"predecessor-version":[{"id":3445,"href":"https:\/\/judo-ooelv.at\/index.php?rest_route=\/wp\/v2\/posts\/3442\/revisions\/3445"}],"wp:featuredmedia":[{"embeddable":true,"href":"https:\/\/judo-ooelv.at\/index.php?rest_route=\/wp\/v2\/media\/3444"}],"wp:attachment":[{"href":"https:\/\/judo-ooelv.at\/index.php?rest_route=%2Fwp%2Fv2%2Fmedia&parent=3442"}],"wp:term":[{"taxonomy":"category","embeddable":true,"href":"https:\/\/judo-ooelv.at\/index.php?rest_route=%2Fwp%2Fv2%2Fcategories&post=3442"},{"taxonomy":"post_tag","embeddable":true,"href":"https:\/\/judo-ooelv.at\/index.php?rest_route=%2Fwp%2Fv2%2Ftags&post=3442"}],"curies":[{"name":"wp","href":"https:\/\/api.w.org\/{rel}","templated":true}]}}