{"id":3585,"date":"2021-03-24T12:18:36","date_gmt":"2021-03-24T11:18:36","guid":{"rendered":"https:\/\/judo-ooelv.at\/?p=3585"},"modified":"2021-03-24T12:31:17","modified_gmt":"2021-03-24T11:31:17","slug":"hans-mueller-deck-ist-leider-verstorben","status":"publish","type":"post","link":"https:\/\/judo-ooelv.at\/?p=3585","title":{"rendered":"Hans M\u00fcller-Deck ist leider verstorben!"},"content":{"rendered":"<p><strong>Hans M\u00fcller-Deck<\/strong>\u00a0<span style=\"color: #333333;\">(*\u00a0<a style=\"color: #333333;\" href=\"https:\/\/www.wikiwand.com\/de\/23._Oktober\">23. Oktober<\/a>\u00a0<a style=\"color: #333333;\" href=\"https:\/\/www.wikiwand.com\/de\/1936\">1936<\/a>\u00a0in\u00a0<a style=\"color: #333333;\" href=\"https:\/\/www.wikiwand.com\/de\/Lauscha\">Lauscha<\/a>) i<\/span>st ein deutsche<span style=\"color: #000000;\">r\u00a0<a style=\"color: #000000;\" href=\"https:\/\/www.wikiwand.com\/de\/Judo\">Judoprofessor<\/a>\u00a0(<a style=\"color: #000000;\" href=\"https:\/\/www.wikiwand.com\/de\/Sensei\">Sensei<\/a>), de<\/span>r als Leistungssportler, Trainer, Funktion\u00e4r und Sportwissenschaftler hervorgetreten ist.<a href=\"https:\/\/judo-ooelv.at\/wp-content\/uploads\/2021\/03\/2_dr__hans_mueller-deck_gi.jpg\"><img decoding=\"async\" loading=\"lazy\" class=\"wp-image-3586 aligncenter\" src=\"https:\/\/judo-ooelv.at\/wp-content\/uploads\/2021\/03\/2_dr__hans_mueller-deck_gi.jpg\" alt=\"\" width=\"188\" height=\"251\" srcset=\"https:\/\/judo-ooelv.at\/wp-content\/uploads\/2021\/03\/2_dr__hans_mueller-deck_gi.jpg 480w, https:\/\/judo-ooelv.at\/wp-content\/uploads\/2021\/03\/2_dr__hans_mueller-deck_gi-225x300.jpg 225w\" sizes=\"(max-width: 188px) 100vw, 188px\" \/><\/a><\/p>\n<p>Als Sportwissenschaftler an der DHfK promovierte Hans M\u00fcller-Deck 1972 zum Dr. paed. und habilitierte 1983 mit dem Thema:\u00a0<em>Trainingsprinzipien zur Entwicklung technisch-taktischer Kampfhandlungen im Judo \u2013 ein Beitrag zur Theorie und Methodik der technisch-taktischen Ausbildung in Zweikampfsportarten<\/em>.\u00a0Nach<span style=\"color: #000000;\"> der\u00a0<a style=\"color: #000000;\" href=\"https:\/\/www.wikiwand.com\/de\/Habilitation\">Habilitation<\/a>\u00a0wur<\/span>de er zum Hochschuldozenten f\u00fcr\u00a0<em>Theorie und Methodik des Trainings i<span style=\"color: #000000;\">m\u00a0<a style=\"color: #000000;\" href=\"https:\/\/www.wikiwand.com\/de\/Kampfsport\">Kampfsport<\/a><\/span><\/em><span style=\"color: #000000;\">\u00a0am<\/span> Forschungsinstitut f\u00fcr Kampfsport in Leipzig berufen. Dort leitete er die\u00a0<em>Forschungsgruppe Judo<\/em>\u00a0und war Stellvertretender Direktor f\u00fcr Forschungsorganisation. Dar\u00fcber hinaus war M\u00fcller-Deck Leiter des Wissenschaftlichen Zentrums und Vizepr\u00e4sident Leistungssport des DJV.<\/p>\n<p style=\"text-align: center;\"><strong>Ab 1991 nahm er das Amt des Sportkoordinators im<span style=\"color: #000000;\">\u00a0<a style=\"color: #000000;\" href=\"https:\/\/www.wikiwand.com\/de\/%C3%96sterreichischer_Judoverband\">\u00d6sterreichischen Judoverband<\/a>\u00a0<\/span>(\u00d6JV) wahr.<\/strong><\/p>\n<p>In dieser Funktion leistete er eine hervorragende Arbeit in der Strukturierung des Leistungssports im \u00d6JV und war ebenfalls ein geachteter Referent in der Aus- u. Weiterbildung in der BAfL (heute BSPA).<\/p>\n<p>Hans M\u00fcller-Deck ist Autor von zahlreichen sportwissenschaftlichen Publikationen sowie von Lehrb\u00fcchern und \u00dcbersetzungen aus dem Englischen, Russischen und Japanischen.<\/p>\n<p><span style=\"color: #000000;\"><strong>F\u00fcr seine sportpraktische und -wissenschaftliche T\u00e4tigkeit wurde ihm im Jahr 2000 der 9. <\/strong><strong><a style=\"color: #000000;\" href=\"https:\/\/www.wikiwand.com\/de\/Dan_(Kampfsport)\">Dan<\/a><\/strong><strong>\u00a0verliehen.<\/strong><\/span><\/p>\n<p><strong>\u00a0<\/strong><\/p>\n<p style=\"text-align: center;\"><strong>Lieber Hans f\u00fcr deine letzte Reise alles Gute und<\/strong><\/p>\n<p style=\"text-align: center;\"><strong>Ruhe in Frieden.<\/strong><\/p>\n","protected":false},"excerpt":{"rendered":"<p>Hans M\u00fcller-Deck\u00a0(*\u00a023. Oktober\u00a01936\u00a0in\u00a0Lauscha) ist ein deutscher\u00a0Judoprofessor\u00a0(Sensei), der als Leistungssportler, Trainer, Funktion\u00e4r und Sportwissenschaftler hervorgetreten ist&#8230;.<\/p>\n","protected":false},"author":8,"featured_media":3587,"comment_status":"closed","ping_status":"closed","sticky":false,"template":"","format":"standard","meta":{"_cbd_carousel_blocks":"[]","jetpack_publicize_message":"","jetpack_is_tweetstorm":false,"jetpack_publicize_feature_enabled":true,"jetpack_social_post_already_shared":true,"jetpack_social_options":{"image_generator_settings":{"template":"highway","enabled":false}}},"categories":[1],"tags":[],"jetpack_publicize_connections":[],"jetpack_featured_media_url":"https:\/\/judo-ooelv.at\/wp-content\/uploads\/2021\/03\/R590890295da6822973bc829d6f6735021.jpg","_links":{"self":[{"href":"https:\/\/judo-ooelv.at\/index.php?rest_route=\/wp\/v2\/posts\/3585"}],"collection":[{"href":"https:\/\/judo-ooelv.at\/index.php?rest_route=\/wp\/v2\/posts"}],"about":[{"href":"https:\/\/judo-ooelv.at\/index.php?rest_route=\/wp\/v2\/types\/post"}],"author":[{"embeddable":true,"href":"https:\/\/judo-ooelv.at\/index.php?rest_route=\/wp\/v2\/users\/8"}],"replies":[{"embeddable":true,"href":"https:\/\/judo-ooelv.at\/index.php?rest_route=%2Fwp%2Fv2%2Fcomments&post=3585"}],"version-history":[{"count":3,"href":"https:\/\/judo-ooelv.at\/index.php?rest_route=\/wp\/v2\/posts\/3585\/revisions"}],"predecessor-version":[{"id":3591,"href":"https:\/\/judo-ooelv.at\/index.php?rest_route=\/wp\/v2\/posts\/3585\/revisions\/3591"}],"wp:featuredmedia":[{"embeddable":true,"href":"https:\/\/judo-ooelv.at\/index.php?rest_route=\/wp\/v2\/media\/3587"}],"wp:attachment":[{"href":"https:\/\/judo-ooelv.at\/index.php?rest_route=%2Fwp%2Fv2%2Fmedia&parent=3585"}],"wp:term":[{"taxonomy":"category","embeddable":true,"href":"https:\/\/judo-ooelv.at\/index.php?rest_route=%2Fwp%2Fv2%2Fcategories&post=3585"},{"taxonomy":"post_tag","embeddable":true,"href":"https:\/\/judo-ooelv.at\/index.php?rest_route=%2Fwp%2Fv2%2Ftags&post=3585"}],"curies":[{"name":"wp","href":"https:\/\/api.w.org\/{rel}","templated":true}]}}