{"id":3601,"date":"2021-04-10T13:51:42","date_gmt":"2021-04-10T11:51:42","guid":{"rendered":"https:\/\/judo-ooelv.at\/?p=3601"},"modified":"2021-04-10T13:51:42","modified_gmt":"2021-04-10T11:51:42","slug":"shamil-will-erste-em-medaille","status":"publish","type":"post","link":"https:\/\/judo-ooelv.at\/?p=3601","title":{"rendered":"Shamil will erste EM-Medaille"},"content":{"rendered":"<p>Ober\u00f6sterreich ist bei der Europameisterschaft von 16. bis 18. April in Lissabon mit drei Judokas vertreten. Nationaltrainerin Yvonne B\u00f6nisch nominierte f\u00fcr dieses Gro\u00dfereignis Sabrina Filzmoser (bis 57 kg), Shamil Borchashvili (bis 81 kg, beide Multikraft Wels) und Daniel Allerstorfer (\u00fcber 100 kg, UJZ M\u00fchlviertel).<\/p>\n<p>&nbsp;<\/p>\n<p>W\u00e4hrend es f\u00fcr Filzmoser bereits die 23. EM-Teilnahme ist, sind es f\u00fcr den 25-j\u00e4hrigen Shamil Borchashvili erst die dritten Titelk\u00e4mpfe. Vor zwei Jahren jubelten beide \u00fcber EM-Bronze im Mixed-Teambewerb. In Portugal will der b\u00e4renstarke Welser seine erste EM-Medaille im Einzelbewerb erk\u00e4mpfen. Schlie\u00dflich hat \u00a0Borchashvili k\u00fcrzlich mit Platz zwei beim Grand Slam in Tiflis bewiesen, da\u00df er den Sprung in die Weltklasse geschafft hat. Er scheint in der Weltrangliste derzeit auf Platz 14 auf und hat das Olympia-Ticket f\u00fcr Tokio so gut wie sicher in der Tasche.<\/p>\n<p>&nbsp;<\/p>\n<p>Noch einige Punkte in der Olympia-Qualifikation ben\u00f6tigt Sabrina Filzmoser, die zuletzt beim Grand Slam in Antalya Platz sieben belegte. Bereits neun Mal kehrte die 40-j\u00e4hrige Thalheimerin mit einer EM-Medaille zur\u00fcck, zwei Mal als Europameisterin (2009 und 2011). Heuer w\u00e4re eine Top-Platzierung f\u00fcr sie in Hinblick auf ihre vierten Olympische Spiele besonders wichtig. Im Schwergewicht hofft der M\u00fchlviertler Daniel Allerstorfer ebenfalls auf einen Spitzenplatz.<\/p>\n<p>&nbsp;<\/p>\n<p><strong>FOTO:<\/strong> Sellner (honorarfrei)<\/p>\n<p>&nbsp;<\/p>\n<p>F\u00fchlt sich reif f\u00fcr die erste EM-Medaille: Shamil Borchashvili (Multikraft Wels).<\/p>\n<p>&nbsp;<\/p>\n<p><strong>Auslosung und Ergebnisse:<\/strong> <a href=\"http:\/\/www.ippon.org\">www.ippon.org<\/a><\/p>\n<p>&nbsp;<\/p>\n<p><strong>Wer k\u00e4mpft wann?<\/strong> Sabrina (Freitag), Shamil (Samstag), Daniel (Sonntag).<\/p>\n","protected":false},"excerpt":{"rendered":"<p>Ober\u00f6sterreich ist bei der Europameisterschaft von 16. bis 18. April in Lissabon mit drei Judokas&#8230;<\/p>\n","protected":false},"author":5,"featured_media":3602,"comment_status":"closed","ping_status":"closed","sticky":false,"template":"","format":"standard","meta":{"_cbd_carousel_blocks":"[]","jetpack_publicize_message":"","jetpack_is_tweetstorm":false,"jetpack_publicize_feature_enabled":true,"jetpack_social_post_already_shared":true,"jetpack_social_options":{"image_generator_settings":{"template":"highway","enabled":false}}},"categories":[1],"tags":[],"jetpack_publicize_connections":[],"jetpack_featured_media_url":"https:\/\/judo-ooelv.at\/wp-content\/uploads\/2021\/04\/Shamil-Borchashvili-copyright.Sellner.jpg","_links":{"self":[{"href":"https:\/\/judo-ooelv.at\/index.php?rest_route=\/wp\/v2\/posts\/3601"}],"collection":[{"href":"https:\/\/judo-ooelv.at\/index.php?rest_route=\/wp\/v2\/posts"}],"about":[{"href":"https:\/\/judo-ooelv.at\/index.php?rest_route=\/wp\/v2\/types\/post"}],"author":[{"embeddable":true,"href":"https:\/\/judo-ooelv.at\/index.php?rest_route=\/wp\/v2\/users\/5"}],"replies":[{"embeddable":true,"href":"https:\/\/judo-ooelv.at\/index.php?rest_route=%2Fwp%2Fv2%2Fcomments&post=3601"}],"version-history":[{"count":1,"href":"https:\/\/judo-ooelv.at\/index.php?rest_route=\/wp\/v2\/posts\/3601\/revisions"}],"predecessor-version":[{"id":3603,"href":"https:\/\/judo-ooelv.at\/index.php?rest_route=\/wp\/v2\/posts\/3601\/revisions\/3603"}],"wp:featuredmedia":[{"embeddable":true,"href":"https:\/\/judo-ooelv.at\/index.php?rest_route=\/wp\/v2\/media\/3602"}],"wp:attachment":[{"href":"https:\/\/judo-ooelv.at\/index.php?rest_route=%2Fwp%2Fv2%2Fmedia&parent=3601"}],"wp:term":[{"taxonomy":"category","embeddable":true,"href":"https:\/\/judo-ooelv.at\/index.php?rest_route=%2Fwp%2Fv2%2Fcategories&post=3601"},{"taxonomy":"post_tag","embeddable":true,"href":"https:\/\/judo-ooelv.at\/index.php?rest_route=%2Fwp%2Fv2%2Ftags&post=3601"}],"curies":[{"name":"wp","href":"https:\/\/api.w.org\/{rel}","templated":true}]}}