{"id":4451,"date":"2022-05-21T15:06:07","date_gmt":"2022-05-21T13:06:07","guid":{"rendered":"https:\/\/judo-ooelv.at\/?p=4451"},"modified":"2022-05-21T15:06:17","modified_gmt":"2022-05-21T13:06:17","slug":"27-internationales-gallia-turnier","status":"publish","type":"post","link":"https:\/\/judo-ooelv.at\/?p=4451","title":{"rendered":"27. Internationales Gallia Turnier"},"content":{"rendered":"<p>In der Sporthalle in Gallneukrichen fanden sich heute 119 Teilnehmer in den Altersklassen U16, U18, AK, \u00dc30, \u00dc40 und \u00dc50 ein.<\/p>\n<p>Die Teilnehmer kamen aus 4 Nationen (AUT, GER, KAZ und NED).<\/p>\n<p><a href=\"https:\/\/judo-ooelv.at\/ergebnisse\/2022\/WEB_Gallia\/_index.htm\" target=\"_blank\" rel=\"noopener noreferrer\">Ergebnisse<\/a><\/p>\n","protected":false},"excerpt":{"rendered":"<p>In der Sporthalle in Gallneukrichen fanden sich heute 119 Teilnehmer in den Altersklassen U16, U18,&#8230;<\/p>\n","protected":false},"author":7,"featured_media":4454,"comment_status":"closed","ping_status":"closed","sticky":false,"template":"","format":"standard","meta":{"_cbd_carousel_blocks":"[]","jetpack_publicize_message":"","jetpack_is_tweetstorm":false,"jetpack_publicize_feature_enabled":true,"jetpack_social_post_already_shared":true,"jetpack_social_options":{"image_generator_settings":{"template":"highway","enabled":false}}},"categories":[1],"tags":[],"jetpack_publicize_connections":[],"jetpack_featured_media_url":"https:\/\/judo-ooelv.at\/wp-content\/uploads\/2022\/05\/20220521_132313_NEU.jpg","_links":{"self":[{"href":"https:\/\/judo-ooelv.at\/index.php?rest_route=\/wp\/v2\/posts\/4451"}],"collection":[{"href":"https:\/\/judo-ooelv.at\/index.php?rest_route=\/wp\/v2\/posts"}],"about":[{"href":"https:\/\/judo-ooelv.at\/index.php?rest_route=\/wp\/v2\/types\/post"}],"author":[{"embeddable":true,"href":"https:\/\/judo-ooelv.at\/index.php?rest_route=\/wp\/v2\/users\/7"}],"replies":[{"embeddable":true,"href":"https:\/\/judo-ooelv.at\/index.php?rest_route=%2Fwp%2Fv2%2Fcomments&post=4451"}],"version-history":[{"count":2,"href":"https:\/\/judo-ooelv.at\/index.php?rest_route=\/wp\/v2\/posts\/4451\/revisions"}],"predecessor-version":[{"id":4453,"href":"https:\/\/judo-ooelv.at\/index.php?rest_route=\/wp\/v2\/posts\/4451\/revisions\/4453"}],"wp:featuredmedia":[{"embeddable":true,"href":"https:\/\/judo-ooelv.at\/index.php?rest_route=\/wp\/v2\/media\/4454"}],"wp:attachment":[{"href":"https:\/\/judo-ooelv.at\/index.php?rest_route=%2Fwp%2Fv2%2Fmedia&parent=4451"}],"wp:term":[{"taxonomy":"category","embeddable":true,"href":"https:\/\/judo-ooelv.at\/index.php?rest_route=%2Fwp%2Fv2%2Fcategories&post=4451"},{"taxonomy":"post_tag","embeddable":true,"href":"https:\/\/judo-ooelv.at\/index.php?rest_route=%2Fwp%2Fv2%2Ftags&post=4451"}],"curies":[{"name":"wp","href":"https:\/\/api.w.org\/{rel}","templated":true}]}}