{"id":4559,"date":"2022-07-09T20:47:44","date_gmt":"2022-07-09T18:47:44","guid":{"rendered":"https:\/\/judo-ooelv.at\/?p=4559"},"modified":"2022-08-01T16:31:43","modified_gmt":"2022-08-01T14:31:43","slug":"trainerfortbildung-2022","status":"publish","type":"post","link":"https:\/\/judo-ooelv.at\/?p=4559","title":{"rendered":"Trainerfortbildung 2022"},"content":{"rendered":"<p>Die heurige Trainerfortbildung in Kirchham zur Kyu-Pr\u00fcfungslizenzverl\u00e4ngerung stand wieder im Zeichen der Zusammenarbeit der beiden Landesverb\u00e4nde O\u00d6 und Salzburg.<\/p>\n<p>Die beiden Referenten G\u00fcnter Deschka sowie Alexander Ettinger konnten mit ihren interessanten Themen (Technik\/Handlungsketten und funkt. Kraft- u. Mobility Training im Judo) die rund 60 Teilnehmer begeistern.<\/p>\n<p>Monika Kronberger, Ausbildungsreferentin<\/p>\n<div id='gallery-1' class='gallery galleryid-4559 gallery-columns-3 gallery-size-thumbnail'><figure class='gallery-item'>\n\t\t\t<div class='gallery-icon landscape'>\n\t\t\t\t<a href='https:\/\/judo-ooelv.at\/wp-content\/uploads\/2022\/07\/20220709_131540-scaled.jpg'><img width=\"150\" height=\"150\" src=\"https:\/\/judo-ooelv.at\/wp-content\/uploads\/2022\/07\/20220709_131540-150x150.jpg\" class=\"attachment-thumbnail size-thumbnail\" alt=\"\" decoding=\"async\" loading=\"lazy\" srcset=\"https:\/\/judo-ooelv.at\/wp-content\/uploads\/2022\/07\/20220709_131540-150x150.jpg 150w, https:\/\/judo-ooelv.at\/wp-content\/uploads\/2022\/07\/20220709_131540-200x200.jpg 200w\" sizes=\"(max-width: 150px) 100vw, 150px\" \/><\/a>\n\t\t\t<\/div><\/figure><figure class='gallery-item'>\n\t\t\t<div class='gallery-icon landscape'>\n\t\t\t\t<a href='https:\/\/judo-ooelv.at\/wp-content\/uploads\/2022\/07\/20220709_114249-scaled.jpg'><img width=\"150\" height=\"150\" src=\"https:\/\/judo-ooelv.at\/wp-content\/uploads\/2022\/07\/20220709_114249-150x150.jpg\" class=\"attachment-thumbnail size-thumbnail\" alt=\"\" decoding=\"async\" loading=\"lazy\" srcset=\"https:\/\/judo-ooelv.at\/wp-content\/uploads\/2022\/07\/20220709_114249-150x150.jpg 150w, https:\/\/judo-ooelv.at\/wp-content\/uploads\/2022\/07\/20220709_114249-200x200.jpg 200w\" sizes=\"(max-width: 150px) 100vw, 150px\" \/><\/a>\n\t\t\t<\/div><\/figure><figure class='gallery-item'>\n\t\t\t<div class='gallery-icon landscape'>\n\t\t\t\t<a href='https:\/\/judo-ooelv.at\/wp-content\/uploads\/2022\/07\/20220709_114805-scaled.jpg'><img width=\"150\" height=\"150\" src=\"https:\/\/judo-ooelv.at\/wp-content\/uploads\/2022\/07\/20220709_114805-150x150.jpg\" class=\"attachment-thumbnail size-thumbnail\" alt=\"\" decoding=\"async\" loading=\"lazy\" srcset=\"https:\/\/judo-ooelv.at\/wp-content\/uploads\/2022\/07\/20220709_114805-150x150.jpg 150w, https:\/\/judo-ooelv.at\/wp-content\/uploads\/2022\/07\/20220709_114805-200x200.jpg 200w\" sizes=\"(max-width: 150px) 100vw, 150px\" \/><\/a>\n\t\t\t<\/div><\/figure><figure class='gallery-item'>\n\t\t\t<div class='gallery-icon landscape'>\n\t\t\t\t<a href='https:\/\/judo-ooelv.at\/wp-content\/uploads\/2022\/07\/20220709_114940-scaled.jpg'><img width=\"150\" height=\"150\" src=\"https:\/\/judo-ooelv.at\/wp-content\/uploads\/2022\/07\/20220709_114940-150x150.jpg\" class=\"attachment-thumbnail size-thumbnail\" alt=\"\" decoding=\"async\" loading=\"lazy\" srcset=\"https:\/\/judo-ooelv.at\/wp-content\/uploads\/2022\/07\/20220709_114940-150x150.jpg 150w, https:\/\/judo-ooelv.at\/wp-content\/uploads\/2022\/07\/20220709_114940-200x200.jpg 200w\" sizes=\"(max-width: 150px) 100vw, 150px\" \/><\/a>\n\t\t\t<\/div><\/figure>\n\t\t<\/div>\n\n<hr \/>\n<p>Unterlagen zum Kurs:<\/p>\n<p><a href=\"https:\/\/judo-ooelv.at\/wp-content\/uploads\/2022\/07\/Athletiktraining-072022.pdf\">Athletiktraining 072022<\/a><\/p>\n<p>Buchvorschl\u00e4ge:<\/p>\n<p><a href=\"https:\/\/amzn.eu\/d\/7w8z9FB\" target=\"_blank\" rel=\"noopener noreferrer\">Programmdesign im Functional Training: Individuelle Trainingsinhalte f\u00fcr optimale Ergebnisse<\/a><\/p>\n<p><a href=\"https:\/\/amzn.eu\/d\/aRpcXJl\" target=\"_blank\" rel=\"noopener noreferrer\">Functional Training \u2013 Erweiterte und komplett \u00fcberarbeitete Neuausgabe: Bewegungsabl\u00e4ufe perfektionieren \u2013 Muskelgruppen st\u00e4rken \u2013 individuelle Schw\u00e4chen beheben. Mit \u00fcber 70 Online-Videos<\/a><\/p>\n<p><a href=\"https:\/\/www.amazon.de\/dp\/B07D122Y7V\/ref=cm_sw_r_apan_SHPNB9W748TT8424S386\" target=\"_blank\" rel=\"noopener noreferrer\">Training beginnt im Gehirn: Mit Neuroathletik die sportliche Leistung verbessern<\/a><\/p>\n","protected":false},"excerpt":{"rendered":"<p>Die heurige Trainerfortbildung in Kirchham zur Kyu-Pr\u00fcfungslizenzverl\u00e4ngerung stand wieder im Zeichen der Zusammenarbeit der beiden&#8230;<\/p>\n","protected":false},"author":4,"featured_media":4563,"comment_status":"closed","ping_status":"closed","sticky":false,"template":"","format":"standard","meta":{"_cbd_carousel_blocks":"[]","jetpack_publicize_message":"","jetpack_is_tweetstorm":false,"jetpack_publicize_feature_enabled":true,"jetpack_social_post_already_shared":true,"jetpack_social_options":{"image_generator_settings":{"template":"highway","enabled":false}}},"categories":[1],"tags":[],"jetpack_publicize_connections":[],"jetpack_featured_media_url":"https:\/\/judo-ooelv.at\/wp-content\/uploads\/2022\/07\/20220709_114940-scaled.jpg","_links":{"self":[{"href":"https:\/\/judo-ooelv.at\/index.php?rest_route=\/wp\/v2\/posts\/4559"}],"collection":[{"href":"https:\/\/judo-ooelv.at\/index.php?rest_route=\/wp\/v2\/posts"}],"about":[{"href":"https:\/\/judo-ooelv.at\/index.php?rest_route=\/wp\/v2\/types\/post"}],"author":[{"embeddable":true,"href":"https:\/\/judo-ooelv.at\/index.php?rest_route=\/wp\/v2\/users\/4"}],"replies":[{"embeddable":true,"href":"https:\/\/judo-ooelv.at\/index.php?rest_route=%2Fwp%2Fv2%2Fcomments&post=4559"}],"version-history":[{"count":3,"href":"https:\/\/judo-ooelv.at\/index.php?rest_route=\/wp\/v2\/posts\/4559\/revisions"}],"predecessor-version":[{"id":4575,"href":"https:\/\/judo-ooelv.at\/index.php?rest_route=\/wp\/v2\/posts\/4559\/revisions\/4575"}],"wp:featuredmedia":[{"embeddable":true,"href":"https:\/\/judo-ooelv.at\/index.php?rest_route=\/wp\/v2\/media\/4563"}],"wp:attachment":[{"href":"https:\/\/judo-ooelv.at\/index.php?rest_route=%2Fwp%2Fv2%2Fmedia&parent=4559"}],"wp:term":[{"taxonomy":"category","embeddable":true,"href":"https:\/\/judo-ooelv.at\/index.php?rest_route=%2Fwp%2Fv2%2Fcategories&post=4559"},{"taxonomy":"post_tag","embeddable":true,"href":"https:\/\/judo-ooelv.at\/index.php?rest_route=%2Fwp%2Fv2%2Ftags&post=4559"}],"curies":[{"name":"wp","href":"https:\/\/api.w.org\/{rel}","templated":true}]}}