{"id":5006,"date":"2023-03-04T10:35:44","date_gmt":"2023-03-04T09:35:44","guid":{"rendered":"https:\/\/judo-ooelv.at\/?p=5006"},"modified":"2023-03-04T17:57:22","modified_gmt":"2023-03-04T16:57:22","slug":"landesmeisterschaft-u16-21-ue30-40-50","status":"publish","type":"post","link":"https:\/\/judo-ooelv.at\/?p=5006","title":{"rendered":"Landesmeisterschaft U16\/21 + \u00dc30\/40\/50"},"content":{"rendered":"<p>Bei den heutigen Landesmeisterschaften U16, U21 und \u00dc30, \u00dc40, \u00dc50 waren trotz des sch\u00f6nen Wetters bei den j\u00fcngeren 96 Starter und bei den \u00c4lteren 18 Starter.<\/p>\n<p>Wir gratulieren allen unseren Landesmeistern.<\/p>\n<p>Liveergebnisse:<\/p>\n<p><a href=\"https:\/\/live.ijf.org\/jr_lm_u16_u21_2023_ooe\/overview\" target=\"_blank\" rel=\"noopener\">Ergebnisse U16\/U21<\/a><\/p>\n<p><a href=\"https:\/\/live.ijf.org\/jr_lm_ue30_ue40_ue50_2023_ooe\/overview\" target=\"_blank\" rel=\"noopener\">Ergebnisse \u00dc30\/\u00dc40\/\u00dc50<\/a><\/p>\n<p>PDF`s:<\/p>\n<p><a href=\"https:\/\/judo-ooelv.at\/wp-content\/uploads\/2023\/03\/Medaillenspiegel-U16.pdf\">Medaillenspiegel U16<\/a><\/p>\n<p><a href=\"https:\/\/judo-ooelv.at\/wp-content\/uploads\/2023\/03\/Wettkanmpflisten-U16.pdf\">Wettkanmpflisten U16<\/a><\/p>\n<p><a href=\"https:\/\/judo-ooelv.at\/wp-content\/uploads\/2023\/03\/Ergebnislisten-U16.pdf\">Ergebnislisten U16<\/a><\/p>\n<p><a href=\"https:\/\/judo-ooelv.at\/wp-content\/uploads\/2023\/03\/Medaillenspiegel-U21.pdf\">Medaillenspiegel U21<\/a><\/p>\n<p><a href=\"https:\/\/judo-ooelv.at\/wp-content\/uploads\/2023\/03\/Wettkampflisten-U21.pdf\">Wettkampflisten U21<\/a><\/p>\n<p><a href=\"https:\/\/judo-ooelv.at\/wp-content\/uploads\/2023\/03\/Ergebnislisten-U21.pdf\">Ergebnislisten U21<\/a><\/p>\n<p><a href=\"https:\/\/judo-ooelv.at\/wp-content\/uploads\/2023\/03\/Medaillenspiegel-Ue30-40-50.pdf\">Medaillenspiegel \u00dc30-40-50<\/a><\/p>\n<p><a href=\"https:\/\/judo-ooelv.at\/wp-content\/uploads\/2023\/03\/Wettkampflisten-Ue30-40-50.pdf\">Wettkampflisten \u00dc30-40-50<\/a><\/p>\n<p><a href=\"https:\/\/judo-ooelv.at\/wp-content\/uploads\/2023\/03\/Ergebnislisten-Ue30-40-50.pdf\">Ergebnislisten \u00dc30-40-50<\/a><\/p>\n<p><img decoding=\"async\" loading=\"lazy\" class=\"alignnone size-full wp-image-5021\" src=\"https:\/\/judo-ooelv.at\/wp-content\/uploads\/2023\/03\/20230304_1455411-scaled.jpg\" alt=\"\" width=\"2560\" height=\"1920\" srcset=\"https:\/\/judo-ooelv.at\/wp-content\/uploads\/2023\/03\/20230304_1455411-scaled.jpg 2560w, https:\/\/judo-ooelv.at\/wp-content\/uploads\/2023\/03\/20230304_1455411-300x225.jpg 300w, https:\/\/judo-ooelv.at\/wp-content\/uploads\/2023\/03\/20230304_1455411-1024x768.jpg 1024w, https:\/\/judo-ooelv.at\/wp-content\/uploads\/2023\/03\/20230304_1455411-768x576.jpg 768w, https:\/\/judo-ooelv.at\/wp-content\/uploads\/2023\/03\/20230304_1455411-1536x1152.jpg 1536w, https:\/\/judo-ooelv.at\/wp-content\/uploads\/2023\/03\/20230304_1455411-2048x1536.jpg 2048w\" sizes=\"(max-width: 2560px) 100vw, 2560px\" \/> <img decoding=\"async\" loading=\"lazy\" class=\"alignnone size-full wp-image-5022\" src=\"https:\/\/judo-ooelv.at\/wp-content\/uploads\/2023\/03\/20230304_1543241-scaled.jpg\" alt=\"\" width=\"2560\" height=\"1920\" srcset=\"https:\/\/judo-ooelv.at\/wp-content\/uploads\/2023\/03\/20230304_1543241-scaled.jpg 2560w, https:\/\/judo-ooelv.at\/wp-content\/uploads\/2023\/03\/20230304_1543241-300x225.jpg 300w, https:\/\/judo-ooelv.at\/wp-content\/uploads\/2023\/03\/20230304_1543241-1024x768.jpg 1024w, https:\/\/judo-ooelv.at\/wp-content\/uploads\/2023\/03\/20230304_1543241-768x576.jpg 768w, https:\/\/judo-ooelv.at\/wp-content\/uploads\/2023\/03\/20230304_1543241-1536x1152.jpg 1536w, https:\/\/judo-ooelv.at\/wp-content\/uploads\/2023\/03\/20230304_1543241-2048x1536.jpg 2048w\" sizes=\"(max-width: 2560px) 100vw, 2560px\" \/><\/p>\n<p>&nbsp;<\/p>\n","protected":false},"excerpt":{"rendered":"<p>Bei den heutigen Landesmeisterschaften U16, U21 und \u00dc30, \u00dc40, \u00dc50 waren trotz des sch\u00f6nen Wetters&#8230;<\/p>\n","protected":false},"author":7,"featured_media":5023,"comment_status":"closed","ping_status":"closed","sticky":false,"template":"","format":"standard","meta":{"_cbd_carousel_blocks":"[]","jetpack_publicize_message":"","jetpack_is_tweetstorm":false,"jetpack_publicize_feature_enabled":true,"jetpack_social_post_already_shared":true,"jetpack_social_options":{"image_generator_settings":{"template":"highway","enabled":false}}},"categories":[1],"tags":[],"jetpack_publicize_connections":[],"jetpack_featured_media_url":"https:\/\/judo-ooelv.at\/wp-content\/uploads\/2023\/03\/20230304_1308431-scaled.jpg","_links":{"self":[{"href":"https:\/\/judo-ooelv.at\/index.php?rest_route=\/wp\/v2\/posts\/5006"}],"collection":[{"href":"https:\/\/judo-ooelv.at\/index.php?rest_route=\/wp\/v2\/posts"}],"about":[{"href":"https:\/\/judo-ooelv.at\/index.php?rest_route=\/wp\/v2\/types\/post"}],"author":[{"embeddable":true,"href":"https:\/\/judo-ooelv.at\/index.php?rest_route=\/wp\/v2\/users\/7"}],"replies":[{"embeddable":true,"href":"https:\/\/judo-ooelv.at\/index.php?rest_route=%2Fwp%2Fv2%2Fcomments&post=5006"}],"version-history":[{"count":7,"href":"https:\/\/judo-ooelv.at\/index.php?rest_route=\/wp\/v2\/posts\/5006\/revisions"}],"predecessor-version":[{"id":5025,"href":"https:\/\/judo-ooelv.at\/index.php?rest_route=\/wp\/v2\/posts\/5006\/revisions\/5025"}],"wp:featuredmedia":[{"embeddable":true,"href":"https:\/\/judo-ooelv.at\/index.php?rest_route=\/wp\/v2\/media\/5023"}],"wp:attachment":[{"href":"https:\/\/judo-ooelv.at\/index.php?rest_route=%2Fwp%2Fv2%2Fmedia&parent=5006"}],"wp:term":[{"taxonomy":"category","embeddable":true,"href":"https:\/\/judo-ooelv.at\/index.php?rest_route=%2Fwp%2Fv2%2Fcategories&post=5006"},{"taxonomy":"post_tag","embeddable":true,"href":"https:\/\/judo-ooelv.at\/index.php?rest_route=%2Fwp%2Fv2%2Ftags&post=5006"}],"curies":[{"name":"wp","href":"https:\/\/api.w.org\/{rel}","templated":true}]}}