{"id":505,"date":"2017-03-19T09:42:15","date_gmt":"2017-03-19T08:42:15","guid":{"rendered":"http:\/\/judo-ooelv.at\/?p=505"},"modified":"2025-03-18T15:57:20","modified_gmt":"2025-03-18T14:57:20","slug":"u21-koroska-open-2017","status":"publish","type":"post","link":"https:\/\/judo-ooelv.at\/?p=505","title":{"rendered":"U21 Koroska Open 2017"},"content":{"rendered":"<p>Wegen dem Ligatermin konnte sich nur eine kleine Delegation aus Ober\u00f6sterreich auf den Weg nach Slowenien machen. Mit Peter Scharinger als Trainer konnten die 3 Starter mit Gold f\u00fcr Wachid Borchashvili, Bronze f\u00fcr Mario Wiesinger und einem 5.Platz durch den erst 15j\u00e4hrigen Kaly Cammata aber ein sehr gutes Resultat einfahren. Gratulation!!!<\/p>\n<p>Resultate: http:\/\/judo-koroska.com\/u21_ko_2017_results\/4d2d3636.html<\/p>\n","protected":false},"excerpt":{"rendered":"<p>Wegen dem Ligatermin konnte sich nur eine kleine Delegation aus Ober\u00f6sterreich auf den Weg nach&#8230;<\/p>\n","protected":false},"author":9,"featured_media":506,"comment_status":"closed","ping_status":"closed","sticky":false,"template":"","format":"standard","meta":{"_cbd_carousel_blocks":"[]","jetpack_publicize_message":"","jetpack_is_tweetstorm":false,"jetpack_publicize_feature_enabled":true,"jetpack_social_post_already_shared":false,"jetpack_social_options":{"image_generator_settings":{"template":"highway","enabled":false}}},"categories":[1],"tags":[],"jetpack_publicize_connections":[],"jetpack_featured_media_url":"https:\/\/judo-ooelv.at\/wp-content\/uploads\/2017\/03\/2017-03-18-PHOTO-00000224-002.jpg","_links":{"self":[{"href":"https:\/\/judo-ooelv.at\/index.php?rest_route=\/wp\/v2\/posts\/505"}],"collection":[{"href":"https:\/\/judo-ooelv.at\/index.php?rest_route=\/wp\/v2\/posts"}],"about":[{"href":"https:\/\/judo-ooelv.at\/index.php?rest_route=\/wp\/v2\/types\/post"}],"author":[{"embeddable":true,"href":"https:\/\/judo-ooelv.at\/index.php?rest_route=\/wp\/v2\/users\/9"}],"replies":[{"embeddable":true,"href":"https:\/\/judo-ooelv.at\/index.php?rest_route=%2Fwp%2Fv2%2Fcomments&post=505"}],"version-history":[{"count":5,"href":"https:\/\/judo-ooelv.at\/index.php?rest_route=\/wp\/v2\/posts\/505\/revisions"}],"predecessor-version":[{"id":511,"href":"https:\/\/judo-ooelv.at\/index.php?rest_route=\/wp\/v2\/posts\/505\/revisions\/511"}],"wp:featuredmedia":[{"embeddable":true,"href":"https:\/\/judo-ooelv.at\/index.php?rest_route=\/wp\/v2\/media\/506"}],"wp:attachment":[{"href":"https:\/\/judo-ooelv.at\/index.php?rest_route=%2Fwp%2Fv2%2Fmedia&parent=505"}],"wp:term":[{"taxonomy":"category","embeddable":true,"href":"https:\/\/judo-ooelv.at\/index.php?rest_route=%2Fwp%2Fv2%2Fcategories&post=505"},{"taxonomy":"post_tag","embeddable":true,"href":"https:\/\/judo-ooelv.at\/index.php?rest_route=%2Fwp%2Fv2%2Ftags&post=505"}],"curies":[{"name":"wp","href":"https:\/\/api.w.org\/{rel}","templated":true}]}}