{"id":6102,"date":"2024-10-21T19:01:16","date_gmt":"2024-10-21T17:01:16","guid":{"rendered":"https:\/\/judo-ooelv.at\/?p=6102"},"modified":"2024-10-21T21:26:14","modified_gmt":"2024-10-21T19:26:14","slug":"dan-pruefung-2024","status":"publish","type":"post","link":"https:\/\/judo-ooelv.at\/?p=6102","title":{"rendered":"DAN-Pr\u00fcfung 2024"},"content":{"rendered":"<p><strong>23 neue Dan Tr\u00e4ger \u2013 nach langer Vorbereitungszeit, geleitet von G\u00fcnter Deschka &#8211; war es endlich soweit. Am 20. Oktober stellte sich eine Horde O\u00d6-Judoka der strengen Jury in den Bereichen Kata, Theorie und Kyu.<\/strong><\/p>\n<p>Besonders erw\u00e4hnenswert ist das sich unser Landestrainer, Florian Doppelhammer, der Pr\u00fcfung zum 3. Dan stellte und diese mit Bravour bestand. Ebenso wie Simon Gemeinhardt der den 2. Dan absolvierte, welcher auch die Doppelbelastung in der Vorbereitung als Aktiver und Trainer meisterte. Eine unglaubliche Leistung.<\/p>\n<p>Ebenso bemerkenswert ist das Lena und Heinrich Mayrhofer als Tochter und Vater gemeinsam den Dan absolvierten. Wer den Einsatz und Werdegang von \u201eHeini\u201c Mayrhofer \u00fcber die Jahre mitverfolgt hat, wei\u00df dass er sich den schwazen G\u00fcrtel mit sehr viel Leidenschaft, Schwei\u00df und Herz erarbeitet hat. Heinrich wir hoffen du bleibst uns noch viele Jahre erhalten.<\/p>\n<p>Ein besonderes Dankesch\u00f6n geht an G\u00fcnter Deschka, der den DAN-Anw\u00e4rterInnen zahlreiche regul\u00e4re Einheiten, aber auch unz\u00e4hlige zus\u00e4tzliche Einheiten zum \u00dcben anbot. Danke auch an Simon, Andreas &amp; Niklas Gemeinhardt, Patrick Hanl, Alexander Stolyarov, Radner Gerald und Florian Doppelhammer f\u00fcr die tolle Vorbereitung.<\/p>\n<p><strong>Gratulation zum:<br \/>\n<\/strong>3. Dan: Florian Doppelhammer<br \/>\n2. Dan: Simon Gemeinhardt, Elena Hinterreiter<br \/>\n1. Dan: Bachler Anna, Ginterseder Matthias, Hammer Robert, Helminger Michael, Hofer Magdalena, Holzner Victoria, Makhashev Elbert, Mayrhofer Heinrich, Mayrhofer Lena, Mikota Katharina, Munsturov Mohamed, Pfandl Jan, Scheibel Tobias, Schwarzbauer Carina, Stadler Eva, Stadler Hanna, Terzioglo Vitaly, Weitzhofer-Yurtisik Theresa, W\u00f6rmanseder Klaus<\/p>\n<div><strong>Grautlation !!!<\/strong><\/div>\n<div><\/div>\n<div>\n<div id='gallery-1' class='gallery galleryid-6102 gallery-columns-3 gallery-size-thumbnail'><figure class='gallery-item'>\n\t\t\t<div class='gallery-icon landscape'>\n\t\t\t\t<a href='https:\/\/judo-ooelv.at\/wp-content\/uploads\/2024\/10\/1000071089.jpg'><img width=\"150\" height=\"150\" src=\"https:\/\/judo-ooelv.at\/wp-content\/uploads\/2024\/10\/1000071089-150x150.jpg\" class=\"attachment-thumbnail size-thumbnail\" alt=\"\" decoding=\"async\" loading=\"lazy\" srcset=\"https:\/\/judo-ooelv.at\/wp-content\/uploads\/2024\/10\/1000071089-150x150.jpg 150w, https:\/\/judo-ooelv.at\/wp-content\/uploads\/2024\/10\/1000071089-200x200.jpg 200w\" sizes=\"(max-width: 150px) 100vw, 150px\" \/><\/a>\n\t\t\t<\/div><\/figure><figure class='gallery-item'>\n\t\t\t<div class='gallery-icon landscape'>\n\t\t\t\t<a href='https:\/\/judo-ooelv.at\/wp-content\/uploads\/2024\/10\/1000071085.jpg'><img width=\"150\" height=\"150\" src=\"https:\/\/judo-ooelv.at\/wp-content\/uploads\/2024\/10\/1000071085-150x150.jpg\" class=\"attachment-thumbnail size-thumbnail\" alt=\"\" decoding=\"async\" loading=\"lazy\" srcset=\"https:\/\/judo-ooelv.at\/wp-content\/uploads\/2024\/10\/1000071085-150x150.jpg 150w, https:\/\/judo-ooelv.at\/wp-content\/uploads\/2024\/10\/1000071085-200x200.jpg 200w\" sizes=\"(max-width: 150px) 100vw, 150px\" \/><\/a>\n\t\t\t<\/div><\/figure><figure class='gallery-item'>\n\t\t\t<div class='gallery-icon landscape'>\n\t\t\t\t<a href='https:\/\/judo-ooelv.at\/wp-content\/uploads\/2024\/10\/1000070965.jpg'><img width=\"150\" height=\"150\" src=\"https:\/\/judo-ooelv.at\/wp-content\/uploads\/2024\/10\/1000070965-150x150.jpg\" class=\"attachment-thumbnail size-thumbnail\" alt=\"\" decoding=\"async\" loading=\"lazy\" srcset=\"https:\/\/judo-ooelv.at\/wp-content\/uploads\/2024\/10\/1000070965-150x150.jpg 150w, https:\/\/judo-ooelv.at\/wp-content\/uploads\/2024\/10\/1000070965-200x200.jpg 200w\" sizes=\"(max-width: 150px) 100vw, 150px\" \/><\/a>\n\t\t\t<\/div><\/figure>\n\t\t<\/div>\n\n<\/div>\n","protected":false},"excerpt":{"rendered":"<p>23 neue Dan Tr\u00e4ger \u2013 nach langer Vorbereitungszeit, geleitet von G\u00fcnter Deschka &#8211; war es&#8230;<\/p>\n","protected":false},"author":12,"featured_media":6104,"comment_status":"closed","ping_status":"closed","sticky":false,"template":"","format":"standard","meta":{"_cbd_carousel_blocks":"[]","jetpack_publicize_message":"","jetpack_is_tweetstorm":false,"jetpack_publicize_feature_enabled":true,"jetpack_social_post_already_shared":true,"jetpack_social_options":{"image_generator_settings":{"template":"highway","enabled":false}}},"categories":[1],"tags":[],"jetpack_publicize_connections":[],"jetpack_featured_media_url":"https:\/\/judo-ooelv.at\/wp-content\/uploads\/2024\/10\/1000071085.jpg","_links":{"self":[{"href":"https:\/\/judo-ooelv.at\/index.php?rest_route=\/wp\/v2\/posts\/6102"}],"collection":[{"href":"https:\/\/judo-ooelv.at\/index.php?rest_route=\/wp\/v2\/posts"}],"about":[{"href":"https:\/\/judo-ooelv.at\/index.php?rest_route=\/wp\/v2\/types\/post"}],"author":[{"embeddable":true,"href":"https:\/\/judo-ooelv.at\/index.php?rest_route=\/wp\/v2\/users\/12"}],"replies":[{"embeddable":true,"href":"https:\/\/judo-ooelv.at\/index.php?rest_route=%2Fwp%2Fv2%2Fcomments&post=6102"}],"version-history":[{"count":8,"href":"https:\/\/judo-ooelv.at\/index.php?rest_route=\/wp\/v2\/posts\/6102\/revisions"}],"predecessor-version":[{"id":6114,"href":"https:\/\/judo-ooelv.at\/index.php?rest_route=\/wp\/v2\/posts\/6102\/revisions\/6114"}],"wp:featuredmedia":[{"embeddable":true,"href":"https:\/\/judo-ooelv.at\/index.php?rest_route=\/wp\/v2\/media\/6104"}],"wp:attachment":[{"href":"https:\/\/judo-ooelv.at\/index.php?rest_route=%2Fwp%2Fv2%2Fmedia&parent=6102"}],"wp:term":[{"taxonomy":"category","embeddable":true,"href":"https:\/\/judo-ooelv.at\/index.php?rest_route=%2Fwp%2Fv2%2Fcategories&post=6102"},{"taxonomy":"post_tag","embeddable":true,"href":"https:\/\/judo-ooelv.at\/index.php?rest_route=%2Fwp%2Fv2%2Ftags&post=6102"}],"curies":[{"name":"wp","href":"https:\/\/api.w.org\/{rel}","templated":true}]}}