{"id":6260,"date":"2025-01-26T16:49:06","date_gmt":"2025-01-26T15:49:06","guid":{"rendered":"https:\/\/judo-ooelv.at\/?p=6260"},"modified":"2025-01-26T16:49:06","modified_gmt":"2025-01-26T15:49:06","slug":"oesterreichische-meisterschaft-u18-23","status":"publish","type":"post","link":"https:\/\/judo-ooelv.at\/?p=6260","title":{"rendered":"\u00d6STERREICHISCHE MEISTERSCHAFT U18\/23"},"content":{"rendered":"<p>Die erste \u00d6sterreichische Meisterschaft im heurigen Jahr, f\u00fchrte uns f\u00fcr die Altersklassen U18\/23 nach Schwaz in Tirol, wo die ober\u00f6sterreichischen Judoka in der U18 4x Gold, 5x Silber und 9x Bronze, und in der U23 4x Gold 7x Silber und 11x Bronze gewinnen konnten. Besonders hervorzuheben ist die starke Leistung vom UJZ M\u00fchlviertel, welche an beiden Tagen die Vereinswertung gewinnen konnten, sowie die Leistung von Lena Mayrhofer (UJZ M\u00fchlviertel) die den Titel in der U18 sowie in der U23 gewinnen konnte.<\/p>\n<p><strong>\u00d6sterreichische Meistertitel U18:<\/strong> Lena Mayrhofer (UJZ M\u00fchlviertel), Carina Schwarzbauer (UJZ M\u00fchlviertel), Gaida Shadi (SV Gallneukirchen), Selina W\u00f6gerer (ASK\u00d6 Fairdrive Leonding)<br \/>\n<strong>\u00d6sterreichische Meistertitel U23:<\/strong> Lena Mayrhofer (UJZ M\u00fchlviertel), Katharina Mikota (UJZ M\u00fchlviertel), Stefan St\u00f6gmann (ASK\u00d6 Reichraming), Emil F\u00fcreder (UJZ M\u00fchlviertel)<\/p>\n<p><strong>Herzliche Gratulation<\/strong> den Judoka und ein gro\u00dfes Dankesch\u00f6n an alle Coaches und Betreuer f\u00fcr ihren Einsatz!<\/p>\n<div id='gallery-1' class='gallery galleryid-6260 gallery-columns-2 gallery-size-thumbnail'><figure class='gallery-item'>\n\t\t\t<div class='gallery-icon landscape'>\n\t\t\t\t<a href='https:\/\/judo-ooelv.at\/wp-content\/uploads\/2025\/01\/WhatsApp-Bild-2025-01-26-um-15.21.38_17be64a7-scaled.jpg'><img width=\"150\" height=\"150\" src=\"https:\/\/judo-ooelv.at\/wp-content\/uploads\/2025\/01\/WhatsApp-Bild-2025-01-26-um-15.21.38_17be64a7-150x150.jpg\" class=\"attachment-thumbnail size-thumbnail\" alt=\"\" decoding=\"async\" loading=\"lazy\" srcset=\"https:\/\/judo-ooelv.at\/wp-content\/uploads\/2025\/01\/WhatsApp-Bild-2025-01-26-um-15.21.38_17be64a7-150x150.jpg 150w, https:\/\/judo-ooelv.at\/wp-content\/uploads\/2025\/01\/WhatsApp-Bild-2025-01-26-um-15.21.38_17be64a7-200x200.jpg 200w\" sizes=\"(max-width: 150px) 100vw, 150px\" \/><\/a>\n\t\t\t<\/div><\/figure><figure class='gallery-item'>\n\t\t\t<div class='gallery-icon landscape'>\n\t\t\t\t<a href='https:\/\/judo-ooelv.at\/wp-content\/uploads\/2025\/01\/WhatsApp-Bild-2025-01-25-um-17.18.25_f698e164.jpg'><img width=\"150\" height=\"150\" src=\"https:\/\/judo-ooelv.at\/wp-content\/uploads\/2025\/01\/WhatsApp-Bild-2025-01-25-um-17.18.25_f698e164-150x150.jpg\" class=\"attachment-thumbnail size-thumbnail\" alt=\"\" decoding=\"async\" loading=\"lazy\" srcset=\"https:\/\/judo-ooelv.at\/wp-content\/uploads\/2025\/01\/WhatsApp-Bild-2025-01-25-um-17.18.25_f698e164-150x150.jpg 150w, https:\/\/judo-ooelv.at\/wp-content\/uploads\/2025\/01\/WhatsApp-Bild-2025-01-25-um-17.18.25_f698e164-200x200.jpg 200w\" sizes=\"(max-width: 150px) 100vw, 150px\" \/><\/a>\n\t\t\t<\/div><\/figure>\n\t\t<\/div>\n\n<p>&nbsp;<\/p>\n<p>Link zu den Ergebnissen <a href=\"https:\/\/portal.judomanager.com\/competition\/oem_u18_2025\" target=\"_blank\" rel=\"noopener\">U18<\/a> und <a href=\"https:\/\/portal.judomanager.com\/competition\/oem_u23_2025\" target=\"_blank\" rel=\"noopener\">U23<\/a>!<\/p>\n<p>&nbsp;<\/p>\n","protected":false},"excerpt":{"rendered":"<p>Die erste \u00d6sterreichische Meisterschaft im heurigen Jahr, f\u00fchrte uns f\u00fcr die Altersklassen U18\/23 nach Schwaz&#8230;<\/p>\n","protected":false},"author":12,"featured_media":6262,"comment_status":"closed","ping_status":"closed","sticky":false,"template":"","format":"standard","meta":{"_cbd_carousel_blocks":"[]","jetpack_publicize_message":"","jetpack_is_tweetstorm":false,"jetpack_publicize_feature_enabled":true,"jetpack_social_post_already_shared":true,"jetpack_social_options":{"image_generator_settings":{"template":"highway","enabled":false}}},"categories":[1],"tags":[],"jetpack_publicize_connections":[],"jetpack_featured_media_url":"https:\/\/judo-ooelv.at\/wp-content\/uploads\/2025\/01\/WhatsApp-Bild-2025-01-26-um-15.21.38_17be64a7-scaled.jpg","_links":{"self":[{"href":"https:\/\/judo-ooelv.at\/index.php?rest_route=\/wp\/v2\/posts\/6260"}],"collection":[{"href":"https:\/\/judo-ooelv.at\/index.php?rest_route=\/wp\/v2\/posts"}],"about":[{"href":"https:\/\/judo-ooelv.at\/index.php?rest_route=\/wp\/v2\/types\/post"}],"author":[{"embeddable":true,"href":"https:\/\/judo-ooelv.at\/index.php?rest_route=\/wp\/v2\/users\/12"}],"replies":[{"embeddable":true,"href":"https:\/\/judo-ooelv.at\/index.php?rest_route=%2Fwp%2Fv2%2Fcomments&post=6260"}],"version-history":[{"count":1,"href":"https:\/\/judo-ooelv.at\/index.php?rest_route=\/wp\/v2\/posts\/6260\/revisions"}],"predecessor-version":[{"id":6263,"href":"https:\/\/judo-ooelv.at\/index.php?rest_route=\/wp\/v2\/posts\/6260\/revisions\/6263"}],"wp:featuredmedia":[{"embeddable":true,"href":"https:\/\/judo-ooelv.at\/index.php?rest_route=\/wp\/v2\/media\/6262"}],"wp:attachment":[{"href":"https:\/\/judo-ooelv.at\/index.php?rest_route=%2Fwp%2Fv2%2Fmedia&parent=6260"}],"wp:term":[{"taxonomy":"category","embeddable":true,"href":"https:\/\/judo-ooelv.at\/index.php?rest_route=%2Fwp%2Fv2%2Fcategories&post=6260"},{"taxonomy":"post_tag","embeddable":true,"href":"https:\/\/judo-ooelv.at\/index.php?rest_route=%2Fwp%2Fv2%2Ftags&post=6260"}],"curies":[{"name":"wp","href":"https:\/\/api.w.org\/{rel}","templated":true}]}}