{"id":6828,"date":"2025-11-16T07:59:24","date_gmt":"2025-11-16T06:59:24","guid":{"rendered":"https:\/\/judo-ooelv.at\/?p=6828"},"modified":"2025-11-17T07:57:56","modified_gmt":"2025-11-17T06:57:56","slug":"nagaoka-cup-ljubljana","status":"publish","type":"post","link":"https:\/\/judo-ooelv.at\/?p=6828","title":{"rendered":"NAGAOKA CUP LJUBLJANA"},"content":{"rendered":"<p>26 Judoka nahmen vom LV Ober\u00f6sterreich an der U14-Landeskaderma\u00dfnahme &#8211; <strong>dem Mini Nagaoka Cup in Ljubljana<\/strong> &#8211; teil, und konnten in der der Alterskategorie U14 gesamt <strong>10x Gold, 3x Silber &amp; 3x Bronze<\/strong>, und somit auch die Medaillenwertung klar gewinnen (<a href=\"https:\/\/portal.judomanager.com\/competition\/mini_nagaoka2025_705\" target=\"_blank\" rel=\"noopener\">Ergebnisse &amp; Details Mini Nagaoka Cup Samstag<\/a>).<\/p>\n<p><strong>GOLD ging an:<\/strong><br \/>\nGabl Eduard, Faltinger Raphael, Bekko Nujin, Stump Florentina (alle ASK\u00d6 Fairdrive Leonding)<br \/>\nStadler Thomas, Gierer Simon, Pondorfer Clemens (alle vom ASK\u00d6 Reichraming)<br \/>\nHowell Betty &amp; Maringer Julia (UJZ M\u00fchlviertel)<br \/>\nBlohberger Luca (Union Kirchham)<br \/>\n<strong>SILBER ging an:<\/strong><br \/>\nK\u00f6nig Aurelia (SV Micheldorf), Stadler Stefan (ASK\u00d6 Reichraming), Howell Martha (UJZ M\u00fchlviertel)<br \/>\n<strong>BRONZE ging an:<\/strong><br \/>\nFritzenwallner Tobias (ASK\u00d6 Bad Ischl), Moosbauer Anja (SV Gallneukirchen), Pfleger Mia (UJZ M\u00fchlviertel)<\/p>\n<p><strong>HERZLICHE GRATULATION\u00a0<\/strong>den Judoka und wie immer <strong>VIELEN DANK <\/strong>den mitgereisten Coaches f\u00fcr die Unterst\u00fctzung und die Zusammenarbeit.<\/p>\n<p>Weitere 7 O\u00d6-Judoka starten unter Neo-Coach Alexander Klaus-Sternwieser noch mit einem Doppelstart in der U16 &amp; U18 sowie in der U18 &amp; AK am Sonntag beim <strong>Nagaoka Cup, <\/strong>und erreichten in der Medaillenwertung den 4. Platz (<a href=\"https:\/\/portal.judomanager.com\/competition\/nagaoka2025\" target=\"_blank\" rel=\"noopener\">Ergebnisse &amp; Details Nagaoka Cup Sonntag<\/a>).<br \/>\nDabei konnten <strong>Seyr Julia, Mohamed &amp; Gaida Shadi <\/strong>(alle SV Gallneukirchen) jeweils Turniersiege feiern.<br \/>\n<strong>Seyr Julia und Bachler Anna<\/strong> (LZ Multikraft Wels) holten jeweils Silber.<br \/>\nUnd Bronze erging zweimal an <strong>Schimpf Daniel<\/strong> (JU Dynamic One) und einmal an <strong>W\u00f6rmanseder Johannes<\/strong> (Union Kirchham).<\/p>\n<p><strong>HERZLICHE GRATULATION!<\/strong><\/p>\n<p>Unter folgendem Link findet man Ergebnisse und Details ie vom <a href=\"https:\/\/portal.judomanager.com\/competition\/nagaoka2025\" target=\"_blank\" rel=\"noopener\">Nagaoka Cup (U18\/AK am Sonntag)<\/a>.<\/p>\n<div id='gallery-1' class='gallery galleryid-6828 gallery-columns-4 gallery-size-thumbnail'><figure class='gallery-item'>\n\t\t\t<div class='gallery-icon landscape'>\n\t\t\t\t<a href='https:\/\/judo-ooelv.at\/wp-content\/uploads\/2025\/11\/WhatsApp-Bild-2025-11-15-um-17.42.24_cff763a2.jpg'><img width=\"150\" height=\"150\" src=\"https:\/\/judo-ooelv.at\/wp-content\/uploads\/2025\/11\/WhatsApp-Bild-2025-11-15-um-17.42.24_cff763a2-150x150.jpg\" class=\"attachment-thumbnail size-thumbnail\" alt=\"\" decoding=\"async\" loading=\"lazy\" srcset=\"https:\/\/judo-ooelv.at\/wp-content\/uploads\/2025\/11\/WhatsApp-Bild-2025-11-15-um-17.42.24_cff763a2-150x150.jpg 150w, https:\/\/judo-ooelv.at\/wp-content\/uploads\/2025\/11\/WhatsApp-Bild-2025-11-15-um-17.42.24_cff763a2-200x200.jpg 200w\" sizes=\"(max-width: 150px) 100vw, 150px\" \/><\/a>\n\t\t\t<\/div><\/figure><figure class='gallery-item'>\n\t\t\t<div class='gallery-icon landscape'>\n\t\t\t\t<a href='https:\/\/judo-ooelv.at\/wp-content\/uploads\/2025\/11\/WhatsApp-Bild-2025-11-15-um-13.09.38_45500b2e-scaled.jpg'><img width=\"150\" height=\"150\" src=\"https:\/\/judo-ooelv.at\/wp-content\/uploads\/2025\/11\/WhatsApp-Bild-2025-11-15-um-13.09.38_45500b2e-150x150.jpg\" class=\"attachment-thumbnail size-thumbnail\" alt=\"\" decoding=\"async\" loading=\"lazy\" srcset=\"https:\/\/judo-ooelv.at\/wp-content\/uploads\/2025\/11\/WhatsApp-Bild-2025-11-15-um-13.09.38_45500b2e-150x150.jpg 150w, https:\/\/judo-ooelv.at\/wp-content\/uploads\/2025\/11\/WhatsApp-Bild-2025-11-15-um-13.09.38_45500b2e-200x200.jpg 200w\" sizes=\"(max-width: 150px) 100vw, 150px\" \/><\/a>\n\t\t\t<\/div><\/figure><figure class='gallery-item'>\n\t\t\t<div class='gallery-icon landscape'>\n\t\t\t\t<a href='https:\/\/judo-ooelv.at\/wp-content\/uploads\/2025\/11\/WhatsApp-Bild-2025-11-15-um-17.53.05_42433fed.jpg'><img width=\"150\" height=\"150\" src=\"https:\/\/judo-ooelv.at\/wp-content\/uploads\/2025\/11\/WhatsApp-Bild-2025-11-15-um-17.53.05_42433fed-150x150.jpg\" class=\"attachment-thumbnail size-thumbnail\" alt=\"\" decoding=\"async\" loading=\"lazy\" srcset=\"https:\/\/judo-ooelv.at\/wp-content\/uploads\/2025\/11\/WhatsApp-Bild-2025-11-15-um-17.53.05_42433fed-150x150.jpg 150w, https:\/\/judo-ooelv.at\/wp-content\/uploads\/2025\/11\/WhatsApp-Bild-2025-11-15-um-17.53.05_42433fed-200x200.jpg 200w\" sizes=\"(max-width: 150px) 100vw, 150px\" \/><\/a>\n\t\t\t<\/div><\/figure><figure class='gallery-item'>\n\t\t\t<div class='gallery-icon landscape'>\n\t\t\t\t<a href='https:\/\/judo-ooelv.at\/wp-content\/uploads\/2025\/11\/WhatsApp-Bild-2025-11-17-um-07.38.51_656140f8.jpg'><img width=\"150\" height=\"150\" src=\"https:\/\/judo-ooelv.at\/wp-content\/uploads\/2025\/11\/WhatsApp-Bild-2025-11-17-um-07.38.51_656140f8-150x150.jpg\" class=\"attachment-thumbnail size-thumbnail\" alt=\"\" decoding=\"async\" loading=\"lazy\" srcset=\"https:\/\/judo-ooelv.at\/wp-content\/uploads\/2025\/11\/WhatsApp-Bild-2025-11-17-um-07.38.51_656140f8-150x150.jpg 150w, https:\/\/judo-ooelv.at\/wp-content\/uploads\/2025\/11\/WhatsApp-Bild-2025-11-17-um-07.38.51_656140f8-200x200.jpg 200w\" sizes=\"(max-width: 150px) 100vw, 150px\" \/><\/a>\n\t\t\t<\/div><\/figure>\n\t\t<\/div>\n\n<p>&nbsp;<\/p>\n<p>&nbsp;<\/p>\n","protected":false},"excerpt":{"rendered":"<p>26 Judoka nahmen vom LV Ober\u00f6sterreich an der U14-Landeskaderma\u00dfnahme &#8211; dem Mini Nagaoka Cup in&#8230;<\/p>\n","protected":false},"author":12,"featured_media":6830,"comment_status":"closed","ping_status":"closed","sticky":false,"template":"","format":"standard","meta":{"_cbd_carousel_blocks":"[]","jetpack_publicize_message":"","jetpack_is_tweetstorm":false,"jetpack_publicize_feature_enabled":true,"jetpack_social_post_already_shared":true,"jetpack_social_options":{"image_generator_settings":{"template":"highway","enabled":false}}},"categories":[1],"tags":[],"jetpack_publicize_connections":[],"jetpack_featured_media_url":"https:\/\/judo-ooelv.at\/wp-content\/uploads\/2025\/11\/WhatsApp-Bild-2025-11-15-um-17.42.24_cff763a2.jpg","_links":{"self":[{"href":"https:\/\/judo-ooelv.at\/index.php?rest_route=\/wp\/v2\/posts\/6828"}],"collection":[{"href":"https:\/\/judo-ooelv.at\/index.php?rest_route=\/wp\/v2\/posts"}],"about":[{"href":"https:\/\/judo-ooelv.at\/index.php?rest_route=\/wp\/v2\/types\/post"}],"author":[{"embeddable":true,"href":"https:\/\/judo-ooelv.at\/index.php?rest_route=\/wp\/v2\/users\/12"}],"replies":[{"embeddable":true,"href":"https:\/\/judo-ooelv.at\/index.php?rest_route=%2Fwp%2Fv2%2Fcomments&post=6828"}],"version-history":[{"count":8,"href":"https:\/\/judo-ooelv.at\/index.php?rest_route=\/wp\/v2\/posts\/6828\/revisions"}],"predecessor-version":[{"id":6843,"href":"https:\/\/judo-ooelv.at\/index.php?rest_route=\/wp\/v2\/posts\/6828\/revisions\/6843"}],"wp:featuredmedia":[{"embeddable":true,"href":"https:\/\/judo-ooelv.at\/index.php?rest_route=\/wp\/v2\/media\/6830"}],"wp:attachment":[{"href":"https:\/\/judo-ooelv.at\/index.php?rest_route=%2Fwp%2Fv2%2Fmedia&parent=6828"}],"wp:term":[{"taxonomy":"category","embeddable":true,"href":"https:\/\/judo-ooelv.at\/index.php?rest_route=%2Fwp%2Fv2%2Fcategories&post=6828"},{"taxonomy":"post_tag","embeddable":true,"href":"https:\/\/judo-ooelv.at\/index.php?rest_route=%2Fwp%2Fv2%2Ftags&post=6828"}],"curies":[{"name":"wp","href":"https:\/\/api.w.org\/{rel}","templated":true}]}}