{"id":6892,"date":"2025-12-15T16:18:43","date_gmt":"2025-12-15T15:18:43","guid":{"rendered":"https:\/\/judo-ooelv.at\/?p=6892"},"modified":"2025-12-16T06:02:18","modified_gmt":"2025-12-16T05:02:18","slug":"jahresabschlusstraining-und-ehrung-schueler-rangliste-2025","status":"publish","type":"post","link":"https:\/\/judo-ooelv.at\/?p=6892","title":{"rendered":"Jahresabschlusstraining und Ehrung Sch\u00fcler-Rangliste 2025"},"content":{"rendered":"<p>Vergangenen Donnerstag fand in Linz das letzte Sch\u00fcler-Landeskadertraining f\u00fcr die heurige Saison statt. Im Zuge dieses Trainings wurden am Ende noch die erfolgreichsten U14\/16-Judoka der vergangenen Saison geehrt. \u00dcber die gesamte Saison wurde wie jedes Jahr wieder eine Rangliste f\u00fcr die Altersklassen U14 und U16 gef\u00fchrt, wo die Judoka Punkte \u00fcber Turnierergebnisse und Trainingslagerteilnahmen sammeln konnten.<\/p>\n<p>Am Ende gewannen in der U14 <strong>Howell Betty<\/strong> (UJZ M\u00fchlviertel) bei den M\u00e4dchen sowie <strong>Gabl Eduard<\/strong> (ASK\u00d6 Fairdrive Leonding) bei den Jungs, und in der U16 gewann <strong>Shadi Gaida<\/strong> (SV Gallneukirchen) bei den M\u00e4dls und <strong>Grimm Christoph<\/strong> (ASK\u00d6 Reichraming) ex aequo mit <strong>Stump Severin<\/strong> (ASK\u00d6 Fairdrive Leonding) bei den Burschen. Die Sieger der jeweiligen Ranglisten durften sich \u00fcber neue Judogis freuen, die Zweit- und Drittplatzierten wurden f\u00fcr ihre Leistungen mit bestickten Judg\u00fcrtel belohnt. Alle die es dieses Jahr in die Top10 geschafft haben, durften sich \u00fcber einen Landeskader-Aufn\u00e4her freuen.<\/p>\n<p><img decoding=\"async\" loading=\"lazy\" class=\"alignnone size-full wp-image-6893\" src=\"https:\/\/judo-ooelv.at\/wp-content\/uploads\/2025\/12\/Endergebnis.png\" alt=\"\" width=\"1280\" height=\"720\" srcset=\"https:\/\/judo-ooelv.at\/wp-content\/uploads\/2025\/12\/Endergebnis.png 1280w, https:\/\/judo-ooelv.at\/wp-content\/uploads\/2025\/12\/Endergebnis-300x169.png 300w, https:\/\/judo-ooelv.at\/wp-content\/uploads\/2025\/12\/Endergebnis-1024x576.png 1024w, https:\/\/judo-ooelv.at\/wp-content\/uploads\/2025\/12\/Endergebnis-768x432.png 768w\" sizes=\"(max-width: 1280px) 100vw, 1280px\" \/><\/p>\n<p style=\"text-align: center;\"><strong>Herzliche Gratulation den Judoka sowie deren Betreuer und Coaches! Alles Gute und Viel Erfolg auch f\u00fcr das kommende Jahr 2026!<\/strong><\/p>\n<div id='gallery-1' class='gallery galleryid-6892 gallery-columns-5 gallery-size-thumbnail'><figure class='gallery-item'>\n\t\t\t<div class='gallery-icon landscape'>\n\t\t\t\t<a href='https:\/\/judo-ooelv.at\/wp-content\/uploads\/2025\/12\/U16w.jpeg'><img width=\"150\" height=\"150\" src=\"https:\/\/judo-ooelv.at\/wp-content\/uploads\/2025\/12\/U16w-150x150.jpeg\" class=\"attachment-thumbnail size-thumbnail\" alt=\"\" decoding=\"async\" loading=\"lazy\" srcset=\"https:\/\/judo-ooelv.at\/wp-content\/uploads\/2025\/12\/U16w-150x150.jpeg 150w, https:\/\/judo-ooelv.at\/wp-content\/uploads\/2025\/12\/U16w-200x200.jpeg 200w\" sizes=\"(max-width: 150px) 100vw, 150px\" \/><\/a>\n\t\t\t<\/div><\/figure><figure class='gallery-item'>\n\t\t\t<div class='gallery-icon landscape'>\n\t\t\t\t<a href='https:\/\/judo-ooelv.at\/wp-content\/uploads\/2025\/12\/U16m.jpeg'><img width=\"150\" height=\"150\" src=\"https:\/\/judo-ooelv.at\/wp-content\/uploads\/2025\/12\/U16m-150x150.jpeg\" class=\"attachment-thumbnail size-thumbnail\" alt=\"\" decoding=\"async\" loading=\"lazy\" srcset=\"https:\/\/judo-ooelv.at\/wp-content\/uploads\/2025\/12\/U16m-150x150.jpeg 150w, https:\/\/judo-ooelv.at\/wp-content\/uploads\/2025\/12\/U16m-200x200.jpeg 200w\" sizes=\"(max-width: 150px) 100vw, 150px\" \/><\/a>\n\t\t\t<\/div><\/figure><figure class='gallery-item'>\n\t\t\t<div class='gallery-icon landscape'>\n\t\t\t\t<a href='https:\/\/judo-ooelv.at\/wp-content\/uploads\/2025\/12\/U14w.jpeg'><img width=\"150\" height=\"150\" src=\"https:\/\/judo-ooelv.at\/wp-content\/uploads\/2025\/12\/U14w-150x150.jpeg\" class=\"attachment-thumbnail size-thumbnail\" alt=\"\" decoding=\"async\" loading=\"lazy\" srcset=\"https:\/\/judo-ooelv.at\/wp-content\/uploads\/2025\/12\/U14w-150x150.jpeg 150w, https:\/\/judo-ooelv.at\/wp-content\/uploads\/2025\/12\/U14w-200x200.jpeg 200w\" sizes=\"(max-width: 150px) 100vw, 150px\" \/><\/a>\n\t\t\t<\/div><\/figure><figure class='gallery-item'>\n\t\t\t<div class='gallery-icon landscape'>\n\t\t\t\t<a href='https:\/\/judo-ooelv.at\/wp-content\/uploads\/2025\/12\/U14m.jpeg'><img width=\"150\" height=\"150\" src=\"https:\/\/judo-ooelv.at\/wp-content\/uploads\/2025\/12\/U14m-150x150.jpeg\" class=\"attachment-thumbnail size-thumbnail\" alt=\"\" decoding=\"async\" loading=\"lazy\" srcset=\"https:\/\/judo-ooelv.at\/wp-content\/uploads\/2025\/12\/U14m-150x150.jpeg 150w, https:\/\/judo-ooelv.at\/wp-content\/uploads\/2025\/12\/U14m-200x200.jpeg 200w\" sizes=\"(max-width: 150px) 100vw, 150px\" \/><\/a>\n\t\t\t<\/div><\/figure><figure class='gallery-item'>\n\t\t\t<div class='gallery-icon landscape'>\n\t\t\t\t<a href='https:\/\/judo-ooelv.at\/wp-content\/uploads\/2025\/12\/WhatsApp-Image-2025-12-11-at-20.13.37.jpeg'><img width=\"150\" height=\"150\" src=\"https:\/\/judo-ooelv.at\/wp-content\/uploads\/2025\/12\/WhatsApp-Image-2025-12-11-at-20.13.37-150x150.jpeg\" class=\"attachment-thumbnail size-thumbnail\" alt=\"\" decoding=\"async\" loading=\"lazy\" srcset=\"https:\/\/judo-ooelv.at\/wp-content\/uploads\/2025\/12\/WhatsApp-Image-2025-12-11-at-20.13.37-150x150.jpeg 150w, https:\/\/judo-ooelv.at\/wp-content\/uploads\/2025\/12\/WhatsApp-Image-2025-12-11-at-20.13.37-200x200.jpeg 200w\" sizes=\"(max-width: 150px) 100vw, 150px\" \/><\/a>\n\t\t\t<\/div><\/figure>\n\t\t<\/div>\n\n","protected":false},"excerpt":{"rendered":"<p>Vergangenen Donnerstag fand in Linz das letzte Sch\u00fcler-Landeskadertraining f\u00fcr die heurige Saison statt. Im Zuge&#8230;<\/p>\n","protected":false},"author":12,"featured_media":6894,"comment_status":"closed","ping_status":"closed","sticky":false,"template":"","format":"standard","meta":{"_cbd_carousel_blocks":"[]","jetpack_publicize_message":"","jetpack_is_tweetstorm":false,"jetpack_publicize_feature_enabled":true,"jetpack_social_post_already_shared":true,"jetpack_social_options":{"image_generator_settings":{"template":"highway","enabled":false}}},"categories":[1],"tags":[],"jetpack_publicize_connections":[],"jetpack_featured_media_url":"https:\/\/judo-ooelv.at\/wp-content\/uploads\/2025\/12\/WhatsApp-Image-2025-12-11-at-20.13.37.jpeg","_links":{"self":[{"href":"https:\/\/judo-ooelv.at\/index.php?rest_route=\/wp\/v2\/posts\/6892"}],"collection":[{"href":"https:\/\/judo-ooelv.at\/index.php?rest_route=\/wp\/v2\/posts"}],"about":[{"href":"https:\/\/judo-ooelv.at\/index.php?rest_route=\/wp\/v2\/types\/post"}],"author":[{"embeddable":true,"href":"https:\/\/judo-ooelv.at\/index.php?rest_route=\/wp\/v2\/users\/12"}],"replies":[{"embeddable":true,"href":"https:\/\/judo-ooelv.at\/index.php?rest_route=%2Fwp%2Fv2%2Fcomments&post=6892"}],"version-history":[{"count":5,"href":"https:\/\/judo-ooelv.at\/index.php?rest_route=\/wp\/v2\/posts\/6892\/revisions"}],"predecessor-version":[{"id":6906,"href":"https:\/\/judo-ooelv.at\/index.php?rest_route=\/wp\/v2\/posts\/6892\/revisions\/6906"}],"wp:featuredmedia":[{"embeddable":true,"href":"https:\/\/judo-ooelv.at\/index.php?rest_route=\/wp\/v2\/media\/6894"}],"wp:attachment":[{"href":"https:\/\/judo-ooelv.at\/index.php?rest_route=%2Fwp%2Fv2%2Fmedia&parent=6892"}],"wp:term":[{"taxonomy":"category","embeddable":true,"href":"https:\/\/judo-ooelv.at\/index.php?rest_route=%2Fwp%2Fv2%2Fcategories&post=6892"},{"taxonomy":"post_tag","embeddable":true,"href":"https:\/\/judo-ooelv.at\/index.php?rest_route=%2Fwp%2Fv2%2Ftags&post=6892"}],"curies":[{"name":"wp","href":"https:\/\/api.w.org\/{rel}","templated":true}]}}