{"id":6902,"date":"2025-12-15T23:00:25","date_gmt":"2025-12-15T22:00:25","guid":{"rendered":"https:\/\/judo-ooelv.at\/?p=6902"},"modified":"2025-12-15T23:00:25","modified_gmt":"2025-12-15T22:00:25","slug":"dan-pruefung-2025","status":"publish","type":"post","link":"https:\/\/judo-ooelv.at\/?p=6902","title":{"rendered":"DAN-Pr\u00fcfung 2025"},"content":{"rendered":"<p>Am 14.12.25 fand in Gallneukirchen die Dan Pr\u00fcfung 2025 statt. Aus O\u00d6 stellten sich 26 Pr\u00fcflinge der strengen Kommission aus den unterschiedlichen Bundesl\u00e4ndern in den verschiedenen Fachbereichen Praxis, Theorie und Kata. Folgenden Pr\u00fcflingen d\u00fcrfen wir zum neu erworben Dan Grad gratulieren.<\/p>\n<p><strong>3. Dan (3)<br \/>\n<\/strong>Harald Lemmer, Michael Makula, Sebastian Pils (3. Dan),<\/p>\n<p><strong>2. Dan (5)<br \/>\n<\/strong>Florian Aichberger, Christoph Kasinger, Simon, Thomas und Ambros Spernbauer (2. Dan)<\/p>\n<p><strong>1. Dan (16)<br \/>\n<\/strong>Daniel Basch, Anna Gangl, Julian Haugeneder, Felix Heiligenbrunner, Florian Hochhauser, Alexander Koch, Jasmina Manteva, Leon Mayrw\u00f6ger, Xaver Niedermayr, Christian Pusch, Tina Schwarz, Julia Seyr. Isabella und Stefan St\u00f6gmann, Clemens Sunitsch, Leandra Tawadrous<\/p>\n<p>Ebenfalls gratulieren wir Laura-Sophie Kunik und Filzwieser Emma zum 1. Dan welche die Vorbereitung in Ober\u00f6sterreich absolviert haben.<\/p>\n<p>Mit Simon, Thomas und Ambros Spernbauer sowie Isabella und Stefan St\u00f6gmann haben F\u00dcNF Geschwister gemeinsam den Dan absolviert \u2013 unglaublich.<\/p>\n<p>2026 wird es in O\u00d6 keine Vorbereitung und keine Pr\u00fcfung geben.<\/p>\n<p><strong><img decoding=\"async\" loading=\"lazy\" class=\"alignnone size-full wp-image-6903\" src=\"https:\/\/judo-ooelv.at\/wp-content\/uploads\/2025\/12\/WhatsApp-Image-2025-12-15-at-21.04.59.jpeg\" alt=\"\" width=\"1428\" height=\"1071\" srcset=\"https:\/\/judo-ooelv.at\/wp-content\/uploads\/2025\/12\/WhatsApp-Image-2025-12-15-at-21.04.59.jpeg 1428w, https:\/\/judo-ooelv.at\/wp-content\/uploads\/2025\/12\/WhatsApp-Image-2025-12-15-at-21.04.59-300x225.jpeg 300w, https:\/\/judo-ooelv.at\/wp-content\/uploads\/2025\/12\/WhatsApp-Image-2025-12-15-at-21.04.59-1024x768.jpeg 1024w, https:\/\/judo-ooelv.at\/wp-content\/uploads\/2025\/12\/WhatsApp-Image-2025-12-15-at-21.04.59-768x576.jpeg 768w\" sizes=\"(max-width: 1428px) 100vw, 1428px\" \/><\/strong><\/p>\n","protected":false},"excerpt":{"rendered":"<p>Am 14.12.25 fand in Gallneukirchen die Dan Pr\u00fcfung 2025 statt. Aus O\u00d6 stellten sich 26&#8230;<\/p>\n","protected":false},"author":12,"featured_media":6903,"comment_status":"closed","ping_status":"closed","sticky":false,"template":"","format":"standard","meta":{"_cbd_carousel_blocks":"[]","jetpack_publicize_message":"","jetpack_is_tweetstorm":false,"jetpack_publicize_feature_enabled":true,"jetpack_social_post_already_shared":true,"jetpack_social_options":{"image_generator_settings":{"template":"highway","enabled":false}}},"categories":[1],"tags":[],"jetpack_publicize_connections":[],"jetpack_featured_media_url":"https:\/\/judo-ooelv.at\/wp-content\/uploads\/2025\/12\/WhatsApp-Image-2025-12-15-at-21.04.59.jpeg","_links":{"self":[{"href":"https:\/\/judo-ooelv.at\/index.php?rest_route=\/wp\/v2\/posts\/6902"}],"collection":[{"href":"https:\/\/judo-ooelv.at\/index.php?rest_route=\/wp\/v2\/posts"}],"about":[{"href":"https:\/\/judo-ooelv.at\/index.php?rest_route=\/wp\/v2\/types\/post"}],"author":[{"embeddable":true,"href":"https:\/\/judo-ooelv.at\/index.php?rest_route=\/wp\/v2\/users\/12"}],"replies":[{"embeddable":true,"href":"https:\/\/judo-ooelv.at\/index.php?rest_route=%2Fwp%2Fv2%2Fcomments&post=6902"}],"version-history":[{"count":1,"href":"https:\/\/judo-ooelv.at\/index.php?rest_route=\/wp\/v2\/posts\/6902\/revisions"}],"predecessor-version":[{"id":6904,"href":"https:\/\/judo-ooelv.at\/index.php?rest_route=\/wp\/v2\/posts\/6902\/revisions\/6904"}],"wp:featuredmedia":[{"embeddable":true,"href":"https:\/\/judo-ooelv.at\/index.php?rest_route=\/wp\/v2\/media\/6903"}],"wp:attachment":[{"href":"https:\/\/judo-ooelv.at\/index.php?rest_route=%2Fwp%2Fv2%2Fmedia&parent=6902"}],"wp:term":[{"taxonomy":"category","embeddable":true,"href":"https:\/\/judo-ooelv.at\/index.php?rest_route=%2Fwp%2Fv2%2Fcategories&post=6902"},{"taxonomy":"post_tag","embeddable":true,"href":"https:\/\/judo-ooelv.at\/index.php?rest_route=%2Fwp%2Fv2%2Ftags&post=6902"}],"curies":[{"name":"wp","href":"https:\/\/api.w.org\/{rel}","templated":true}]}}