{"id":7093,"date":"2025-11-09T20:26:37","date_gmt":"2025-11-09T19:26:37","guid":{"rendered":"https:\/\/judo-ooelv.at\/?p=7093"},"modified":"2026-03-06T12:29:16","modified_gmt":"2026-03-06T11:29:16","slug":"7093","status":"publish","type":"post","link":"https:\/\/judo-ooelv.at\/?p=7093","title":{"rendered":""},"content":{"rendered":"<p>Am 09.11.2025 fand in der Sepp-\u00d6ller-Halle in Mattighofen die 3. Runde des Sch\u00fclercups Innviertel statt. 115 Starter aus allen 6 Vereinen k\u00e4mpften mit vollem Einsatz um die Medaillen.<\/p>\n<p><a href=\"https:\/\/judo-ooelv.at\/ergebnisse\/2025\/WEB_BC_Innv_3\/_index.htm\" target=\"_blank\" rel=\"noopener\">Ergebnisse<\/a><\/p>\n<p><a href=\"https:\/\/judo-ooelv.at\/wp-content\/uploads\/2026\/03\/Gesamtwertung_Starter_2025.pdf\">Gesamtwertung_Starter_2025<\/a><\/p>\n","protected":false},"excerpt":{"rendered":"<p>Am 09.11.2025 fand in der Sepp-\u00d6ller-Halle in Mattighofen die 3. Runde des Sch\u00fclercups Innviertel statt&#8230;.<\/p>\n","protected":false},"author":4,"featured_media":0,"comment_status":"closed","ping_status":"closed","sticky":false,"template":"","format":"standard","meta":{"_cbd_carousel_blocks":"[]","jetpack_publicize_message":"","jetpack_is_tweetstorm":false,"jetpack_publicize_feature_enabled":true,"jetpack_social_post_already_shared":true,"jetpack_social_options":{"image_generator_settings":{"template":"highway","enabled":false}}},"categories":[1],"tags":[],"jetpack_publicize_connections":[],"jetpack_featured_media_url":"","_links":{"self":[{"href":"https:\/\/judo-ooelv.at\/index.php?rest_route=\/wp\/v2\/posts\/7093"}],"collection":[{"href":"https:\/\/judo-ooelv.at\/index.php?rest_route=\/wp\/v2\/posts"}],"about":[{"href":"https:\/\/judo-ooelv.at\/index.php?rest_route=\/wp\/v2\/types\/post"}],"author":[{"embeddable":true,"href":"https:\/\/judo-ooelv.at\/index.php?rest_route=\/wp\/v2\/users\/4"}],"replies":[{"embeddable":true,"href":"https:\/\/judo-ooelv.at\/index.php?rest_route=%2Fwp%2Fv2%2Fcomments&post=7093"}],"version-history":[{"count":1,"href":"https:\/\/judo-ooelv.at\/index.php?rest_route=\/wp\/v2\/posts\/7093\/revisions"}],"predecessor-version":[{"id":7095,"href":"https:\/\/judo-ooelv.at\/index.php?rest_route=\/wp\/v2\/posts\/7093\/revisions\/7095"}],"wp:attachment":[{"href":"https:\/\/judo-ooelv.at\/index.php?rest_route=%2Fwp%2Fv2%2Fmedia&parent=7093"}],"wp:term":[{"taxonomy":"category","embeddable":true,"href":"https:\/\/judo-ooelv.at\/index.php?rest_route=%2Fwp%2Fv2%2Fcategories&post=7093"},{"taxonomy":"post_tag","embeddable":true,"href":"https:\/\/judo-ooelv.at\/index.php?rest_route=%2Fwp%2Fv2%2Ftags&post=7093"}],"curies":[{"name":"wp","href":"https:\/\/api.w.org\/{rel}","templated":true}]}}