{"id":7159,"date":"2026-04-26T19:57:17","date_gmt":"2026-04-26T17:57:17","guid":{"rendered":"https:\/\/judo-ooelv.at\/?p=7159"},"modified":"2026-04-26T20:25:52","modified_gmt":"2026-04-26T18:25:52","slug":"2x-bronze-fuer-damen-duo-in-berlin","status":"publish","type":"post","link":"https:\/\/judo-ooelv.at\/?p=7159","title":{"rendered":"O\u00d6-DUO HOLT BRONZE IN BERLIN"},"content":{"rendered":"<p>Die zwei O\u00d6-Judoka Selina W\u00f6gerer (ASK\u00d6 Fairdrive Leonding, -70kg) und Bleona Rama (ASK\u00d6 Reichraming, -63kg) schafften beim U18-European Cup in Berlin beide den Sprung aufs Stockerl und konnten jeweils Bronze holen. Fast im Gleichschritt marschierten die beiden guten Freundinnen und Sch\u00fclerinnen des Talentezentrums Linz von Runde zu Runde und feierten am Ende beide 5 Siege bei jeweils einer Niederlage. F\u00fcr Selina ist es das nun schon die dritte Medaille dieses Jahr auf diesem Turnierlevel, f\u00fcr Bleona nun die zweite Medaille, was gleichzeitig als WM-Qualifikationsnorm vorgegeben ist.<\/p>\n<p>Zus\u00e4tzlich zu den beiden Medaillen konnte auch Jasmina Mantaeva (vom UJZ M\u00fchlviertel) mit einem weiteren 7. Platz in der Kategorie -48kg aufhorchen lassen (2 Siege, 2 Niederlagen). Weiters konnte Stefan St\u00f6gmann (ASK\u00d6 Reichraming) &#8211; nun in der Klasse -73kg am Start &#8211; das tolle O\u00d6-Ergebnis, mit einem 9. Platz abrunden (3 Siege\/2 Niederlagen).<\/p>\n<p>Unter diesem <a href=\"https:\/\/judotv.com\/competitions\/cont_cup_cad_ger2026\/overview\" target=\"_blank\" rel=\"noopener\">Link findet man Ergebnisse<\/a>, und dieser <a href=\"https:\/\/www.eju.net\/gallery\/berlin-millennium-team-cadet-european-cup-2026\/426328\/\" target=\"_blank\" rel=\"noopener\">Link f\u00fchrt zu Fotos der EJU<\/a>.<\/p>\n<div id='gallery-1' class='gallery galleryid-7159 gallery-columns-2 gallery-size-thumbnail'><figure class='gallery-item'>\n\t\t\t<div class='gallery-icon portrait'>\n\t\t\t\t<a href='https:\/\/judo-ooelv.at\/wp-content\/uploads\/2026\/04\/IMG-20260426-WA0009.jpg'><img width=\"150\" height=\"150\" src=\"https:\/\/judo-ooelv.at\/wp-content\/uploads\/2026\/04\/IMG-20260426-WA0009-150x150.jpg\" class=\"attachment-thumbnail size-thumbnail\" alt=\"\" decoding=\"async\" loading=\"lazy\" srcset=\"https:\/\/judo-ooelv.at\/wp-content\/uploads\/2026\/04\/IMG-20260426-WA0009-150x150.jpg 150w, https:\/\/judo-ooelv.at\/wp-content\/uploads\/2026\/04\/IMG-20260426-WA0009-200x200.jpg 200w\" sizes=\"(max-width: 150px) 100vw, 150px\" \/><\/a>\n\t\t\t<\/div><\/figure><figure class='gallery-item'>\n\t\t\t<div class='gallery-icon landscape'>\n\t\t\t\t<a href='https:\/\/judo-ooelv.at\/wp-content\/uploads\/2026\/04\/WhatsApp-Image-2026-04-26-at-18.30.57.jpeg'><img width=\"150\" height=\"150\" src=\"https:\/\/judo-ooelv.at\/wp-content\/uploads\/2026\/04\/WhatsApp-Image-2026-04-26-at-18.30.57-150x150.jpeg\" class=\"attachment-thumbnail size-thumbnail\" alt=\"\" decoding=\"async\" loading=\"lazy\" srcset=\"https:\/\/judo-ooelv.at\/wp-content\/uploads\/2026\/04\/WhatsApp-Image-2026-04-26-at-18.30.57-150x150.jpeg 150w, https:\/\/judo-ooelv.at\/wp-content\/uploads\/2026\/04\/WhatsApp-Image-2026-04-26-at-18.30.57-200x200.jpeg 200w\" sizes=\"(max-width: 150px) 100vw, 150px\" \/><\/a>\n\t\t\t<\/div><\/figure>\n\t\t<\/div>\n\n","protected":false},"excerpt":{"rendered":"<p>Die zwei O\u00d6-Judoka Selina W\u00f6gerer (ASK\u00d6 Fairdrive Leonding, -70kg) und Bleona Rama (ASK\u00d6 Reichraming, -63kg)&#8230;<\/p>\n","protected":false},"author":12,"featured_media":7160,"comment_status":"closed","ping_status":"closed","sticky":false,"template":"","format":"standard","meta":{"_cbd_carousel_blocks":"[]","jetpack_publicize_message":"","jetpack_is_tweetstorm":false,"jetpack_publicize_feature_enabled":true,"jetpack_social_post_already_shared":true,"jetpack_social_options":{"image_generator_settings":{"template":"highway","enabled":false}}},"categories":[1],"tags":[],"jetpack_publicize_connections":[],"jetpack_featured_media_url":"https:\/\/judo-ooelv.at\/wp-content\/uploads\/2026\/04\/IMG-20260426-WA0009.jpg","_links":{"self":[{"href":"https:\/\/judo-ooelv.at\/index.php?rest_route=\/wp\/v2\/posts\/7159"}],"collection":[{"href":"https:\/\/judo-ooelv.at\/index.php?rest_route=\/wp\/v2\/posts"}],"about":[{"href":"https:\/\/judo-ooelv.at\/index.php?rest_route=\/wp\/v2\/types\/post"}],"author":[{"embeddable":true,"href":"https:\/\/judo-ooelv.at\/index.php?rest_route=\/wp\/v2\/users\/12"}],"replies":[{"embeddable":true,"href":"https:\/\/judo-ooelv.at\/index.php?rest_route=%2Fwp%2Fv2%2Fcomments&post=7159"}],"version-history":[{"count":5,"href":"https:\/\/judo-ooelv.at\/index.php?rest_route=\/wp\/v2\/posts\/7159\/revisions"}],"predecessor-version":[{"id":7166,"href":"https:\/\/judo-ooelv.at\/index.php?rest_route=\/wp\/v2\/posts\/7159\/revisions\/7166"}],"wp:featuredmedia":[{"embeddable":true,"href":"https:\/\/judo-ooelv.at\/index.php?rest_route=\/wp\/v2\/media\/7160"}],"wp:attachment":[{"href":"https:\/\/judo-ooelv.at\/index.php?rest_route=%2Fwp%2Fv2%2Fmedia&parent=7159"}],"wp:term":[{"taxonomy":"category","embeddable":true,"href":"https:\/\/judo-ooelv.at\/index.php?rest_route=%2Fwp%2Fv2%2Fcategories&post=7159"},{"taxonomy":"post_tag","embeddable":true,"href":"https:\/\/judo-ooelv.at\/index.php?rest_route=%2Fwp%2Fv2%2Ftags&post=7159"}],"curies":[{"name":"wp","href":"https:\/\/api.w.org\/{rel}","templated":true}]}}