{"id":7168,"date":"2026-03-09T14:00:59","date_gmt":"2026-03-09T13:00:59","guid":{"rendered":"https:\/\/judo-ooelv.at\/?p=7168"},"modified":"2026-04-27T07:56:13","modified_gmt":"2026-04-27T05:56:13","slug":"upper-austria-judo-gp-2026","status":"publish","type":"post","link":"https:\/\/judo-ooelv.at\/?p=7168","title":{"rendered":"Upper Austria Judo GP 2026"},"content":{"rendered":"<p>Die vierte Auflage des Ober\u00f6sterreich-Judo-Grand-Prix darf organisatorisch einmal mehr als gro\u00dfer Erfolg verbucht werden: Dicht gef\u00fcllte Zuschauer-R\u00e4nge, beste Stimmung, mit Goldmedaillengewinnerin Michaela Polleres eine sympathische und nahbare Siegerin, das positive Feedback des Internationalen Judoverbandes und der 59 teilnehmenden Nationen nicht zu vergessen.<\/p>\n<p>\u201eWir haben einmal mehr perfekt abgeliefert \u2013 Gratulation an die 172 Mitarbeiterinnen und Mitarbeiter \u2013 der O\u00d6-Grand-Prix hat sich auf der Judo-World-Tour im Eiltempo etabliert\u201c, gab sich \u00d6JV-Pr\u00e4sident Martin Poiger gleicherma\u00dfen zufrieden wie erleichtert. \u201eAlle drei Wettkampftage sind reibungslos verlaufen.\u201c<\/p>\n<p>Bis Ende Juni soll feststehen, ob Judo Austria die Finanzierung f\u00fcr weitere vier Grand-Prix-Auflagen gew\u00e4hrleisten kann. Martin Poiger: \u201eWir haben sehr viel Zuspruch erhalten \u2013 die internationale Judo-Familie spricht sich geschlossen f\u00fcr eine Zukunft des O\u00d6-Grand-Prix aus. Aber am Ende ist es eine Frage des Budgets.\u201c<\/p>\n<figure id=\"attachment_7169\" aria-describedby=\"caption-attachment-7169\" style=\"width: 300px\" class=\"wp-caption alignnone\"><a href=\"https:\/\/judo-ooelv.at\/wp-content\/uploads\/2026\/04\/Upper-Austria-GP-2026-Polleres-Ippon-scaled.jpg\"><img decoding=\"async\" loading=\"lazy\" class=\"size-medium wp-image-7169\" src=\"https:\/\/judo-ooelv.at\/wp-content\/uploads\/2026\/04\/Upper-Austria-GP-2026-Polleres-Ippon-300x200.jpg\" alt=\"\" width=\"300\" height=\"200\" srcset=\"https:\/\/judo-ooelv.at\/wp-content\/uploads\/2026\/04\/Upper-Austria-GP-2026-Polleres-Ippon-300x200.jpg 300w, https:\/\/judo-ooelv.at\/wp-content\/uploads\/2026\/04\/Upper-Austria-GP-2026-Polleres-Ippon-1024x683.jpg 1024w, https:\/\/judo-ooelv.at\/wp-content\/uploads\/2026\/04\/Upper-Austria-GP-2026-Polleres-Ippon-768x512.jpg 768w, https:\/\/judo-ooelv.at\/wp-content\/uploads\/2026\/04\/Upper-Austria-GP-2026-Polleres-Ippon-1536x1024.jpg 1536w, https:\/\/judo-ooelv.at\/wp-content\/uploads\/2026\/04\/Upper-Austria-GP-2026-Polleres-Ippon-2048x1365.jpg 2048w\" sizes=\"(max-width: 300px) 100vw, 300px\" \/><\/a><figcaption id=\"caption-attachment-7169\" class=\"wp-caption-text\">Foto: Franz Ketter<\/figcaption><\/figure>\n<figure id=\"attachment_7170\" aria-describedby=\"caption-attachment-7170\" style=\"width: 300px\" class=\"wp-caption alignnone\"><a href=\"https:\/\/judo-ooelv.at\/wp-content\/uploads\/2026\/04\/Upper-Austria-GP-2026-Polleres-Ippon2-scaled.jpg\"><img decoding=\"async\" loading=\"lazy\" class=\"size-medium wp-image-7170\" src=\"https:\/\/judo-ooelv.at\/wp-content\/uploads\/2026\/04\/Upper-Austria-GP-2026-Polleres-Ippon2-300x200.jpg\" alt=\"\" width=\"300\" height=\"200\" srcset=\"https:\/\/judo-ooelv.at\/wp-content\/uploads\/2026\/04\/Upper-Austria-GP-2026-Polleres-Ippon2-300x200.jpg 300w, https:\/\/judo-ooelv.at\/wp-content\/uploads\/2026\/04\/Upper-Austria-GP-2026-Polleres-Ippon2-1024x683.jpg 1024w, https:\/\/judo-ooelv.at\/wp-content\/uploads\/2026\/04\/Upper-Austria-GP-2026-Polleres-Ippon2-768x512.jpg 768w, https:\/\/judo-ooelv.at\/wp-content\/uploads\/2026\/04\/Upper-Austria-GP-2026-Polleres-Ippon2-1536x1024.jpg 1536w, https:\/\/judo-ooelv.at\/wp-content\/uploads\/2026\/04\/Upper-Austria-GP-2026-Polleres-Ippon2-2048x1365.jpg 2048w\" sizes=\"(max-width: 300px) 100vw, 300px\" \/><\/a><figcaption id=\"caption-attachment-7170\" class=\"wp-caption-text\">Foto: Franz Ketter<\/figcaption><\/figure>\n<p>Text: Judoaustria.at<\/p>\n","protected":false},"excerpt":{"rendered":"<p>Die vierte Auflage des Ober\u00f6sterreich-Judo-Grand-Prix darf organisatorisch einmal mehr als gro\u00dfer Erfolg verbucht werden: Dicht&#8230;<\/p>\n","protected":false},"author":4,"featured_media":7169,"comment_status":"closed","ping_status":"closed","sticky":false,"template":"","format":"standard","meta":{"_cbd_carousel_blocks":"[]","jetpack_publicize_message":"","jetpack_is_tweetstorm":false,"jetpack_publicize_feature_enabled":true,"jetpack_social_post_already_shared":true,"jetpack_social_options":{"image_generator_settings":{"template":"highway","enabled":false}}},"categories":[1],"tags":[],"jetpack_publicize_connections":[],"jetpack_featured_media_url":"https:\/\/judo-ooelv.at\/wp-content\/uploads\/2026\/04\/Upper-Austria-GP-2026-Polleres-Ippon-scaled.jpg","_links":{"self":[{"href":"https:\/\/judo-ooelv.at\/index.php?rest_route=\/wp\/v2\/posts\/7168"}],"collection":[{"href":"https:\/\/judo-ooelv.at\/index.php?rest_route=\/wp\/v2\/posts"}],"about":[{"href":"https:\/\/judo-ooelv.at\/index.php?rest_route=\/wp\/v2\/types\/post"}],"author":[{"embeddable":true,"href":"https:\/\/judo-ooelv.at\/index.php?rest_route=\/wp\/v2\/users\/4"}],"replies":[{"embeddable":true,"href":"https:\/\/judo-ooelv.at\/index.php?rest_route=%2Fwp%2Fv2%2Fcomments&post=7168"}],"version-history":[{"count":1,"href":"https:\/\/judo-ooelv.at\/index.php?rest_route=\/wp\/v2\/posts\/7168\/revisions"}],"predecessor-version":[{"id":7171,"href":"https:\/\/judo-ooelv.at\/index.php?rest_route=\/wp\/v2\/posts\/7168\/revisions\/7171"}],"wp:featuredmedia":[{"embeddable":true,"href":"https:\/\/judo-ooelv.at\/index.php?rest_route=\/wp\/v2\/media\/7169"}],"wp:attachment":[{"href":"https:\/\/judo-ooelv.at\/index.php?rest_route=%2Fwp%2Fv2%2Fmedia&parent=7168"}],"wp:term":[{"taxonomy":"category","embeddable":true,"href":"https:\/\/judo-ooelv.at\/index.php?rest_route=%2Fwp%2Fv2%2Fcategories&post=7168"},{"taxonomy":"post_tag","embeddable":true,"href":"https:\/\/judo-ooelv.at\/index.php?rest_route=%2Fwp%2Fv2%2Ftags&post=7168"}],"curies":[{"name":"wp","href":"https:\/\/api.w.org\/{rel}","templated":true}]}}