{"id":983,"date":"2017-11-11T20:30:35","date_gmt":"2017-11-11T19:30:35","guid":{"rendered":"http:\/\/judo-ooelv.at\/?p=983"},"modified":"2017-11-13T13:13:34","modified_gmt":"2017-11-13T12:13:34","slug":"kata-lm","status":"publish","type":"post","link":"https:\/\/judo-ooelv.at\/?p=983","title":{"rendered":"Kata LM"},"content":{"rendered":"<p>Am 11.11.2017 fand in Ried\/I. die heurige Kata Landesmeisterschaft statt.<\/p>\n<p>Es traten insgesamt 12 Judoka in 8 Nage no kata und 3 Katame no kata gegeneinander an.<\/p>\n<p>Darunter auch G\u00e4ste aus Vorarlberg die sich die Wertung f\u00fcr eine DAN-Pr\u00fcfung anrechnen lassen wollen.<\/p>\n<p>Einige Judoka nutzten die Meisterschaft auch als Vorbereitung zur \u00d6sterreichischen Kata-Meisterschaft, die am 2.12. in Wien stattfindet.<\/p>\n<p>Es wurden sehr gute Wertungen erzielt, sodass die Veranstaltung als Erfolg f\u00fcr das Kata-Wesen im Judo gesehen werden kann.<\/p>\n<p><a href=\"http:\/\/judo-ooelv.at\/wp-content\/uploads\/2017\/11\/Ergebnisse_Kata-LM-_017.pdf\" target=\"_blank\" rel=\"noopener noreferrer\">Ergebnisse_Kata-LM _017<\/a><\/p>\n","protected":false},"excerpt":{"rendered":"<p>Am 11.11.2017 fand in Ried\/I. die heurige Kata Landesmeisterschaft statt. Es traten insgesamt 12 Judoka&#8230;<\/p>\n","protected":false},"author":7,"featured_media":979,"comment_status":"closed","ping_status":"closed","sticky":false,"template":"","format":"standard","meta":{"_cbd_carousel_blocks":"[]","jetpack_publicize_message":"","jetpack_is_tweetstorm":false,"jetpack_publicize_feature_enabled":true,"jetpack_social_post_already_shared":false,"jetpack_social_options":{"image_generator_settings":{"template":"highway","enabled":false}}},"categories":[1],"tags":[],"jetpack_publicize_connections":[],"jetpack_featured_media_url":"https:\/\/judo-ooelv.at\/wp-content\/uploads\/2017\/11\/171111-OOE_LM_Kata02.jpg","_links":{"self":[{"href":"https:\/\/judo-ooelv.at\/index.php?rest_route=\/wp\/v2\/posts\/983"}],"collection":[{"href":"https:\/\/judo-ooelv.at\/index.php?rest_route=\/wp\/v2\/posts"}],"about":[{"href":"https:\/\/judo-ooelv.at\/index.php?rest_route=\/wp\/v2\/types\/post"}],"author":[{"embeddable":true,"href":"https:\/\/judo-ooelv.at\/index.php?rest_route=\/wp\/v2\/users\/7"}],"replies":[{"embeddable":true,"href":"https:\/\/judo-ooelv.at\/index.php?rest_route=%2Fwp%2Fv2%2Fcomments&post=983"}],"version-history":[{"count":2,"href":"https:\/\/judo-ooelv.at\/index.php?rest_route=\/wp\/v2\/posts\/983\/revisions"}],"predecessor-version":[{"id":987,"href":"https:\/\/judo-ooelv.at\/index.php?rest_route=\/wp\/v2\/posts\/983\/revisions\/987"}],"wp:featuredmedia":[{"embeddable":true,"href":"https:\/\/judo-ooelv.at\/index.php?rest_route=\/wp\/v2\/media\/979"}],"wp:attachment":[{"href":"https:\/\/judo-ooelv.at\/index.php?rest_route=%2Fwp%2Fv2%2Fmedia&parent=983"}],"wp:term":[{"taxonomy":"category","embeddable":true,"href":"https:\/\/judo-ooelv.at\/index.php?rest_route=%2Fwp%2Fv2%2Fcategories&post=983"},{"taxonomy":"post_tag","embeddable":true,"href":"https:\/\/judo-ooelv.at\/index.php?rest_route=%2Fwp%2Fv2%2Ftags&post=983"}],"curies":[{"name":"wp","href":"https:\/\/api.w.org\/{rel}","templated":true}]}}